{"id":50090,"date":"2024-02-12T18:10:52","date_gmt":"2024-02-12T17:10:52","guid":{"rendered":"https:\/\/ticker-noticiasep.microcontenidos.com\/NoticiaRSS.vbhtml?user=XRNR562DLR&amp;cod=20240212181052"},"modified":"2024-02-12T18:10:52","modified_gmt":"2024-02-12T17:10:52","slug":"la-secretaria-de-estado-de-economia-social-aboga-por-dar-mas-protagonismo-a-este-modelo-productivo-tras-las-europeas","status":"publish","type":"post","link":"https:\/\/webciudadana.net\/?p=50090","title":{"rendered":"La secretaria de Estado de Econom\u00eda Social aboga por dar m\u00e1s protagonismo a este modelo productivo tras las europeas"},"content":{"rendered":"\n<div><img decoding=\"async\" src=\"\/wp-content\/uploads\/sites\/2\/2024\/02\/la-secretaria-de-estado-de-economia-social-aboga-por-dar-mas-protagonismo-a-este-modelo-productivo-tras-las-europeas.jpg\" class=\"ff-og-image-inserted\"><\/div>\n<p> MADRID, 12 (EUROPA PRESS)<\/p>\n<p> La secretaria de Estado de Econom\u00eda Social, Amparo Merino, ha abogado por dar m\u00e1s protagonismo a este modelo productivo en una conferencia ministerial en Bruselas, donde ha pedido que se siga potenciando la econom\u00eda social para que sea \u00abun pilar b\u00e1sico\u00bb en la nueva agenda europea tras las elecciones de junio.<\/p>\n<p> \u00abEuropa es hoy mejor gracias al impulso de la Econom\u00eda Social y esa senda es la que hemos de continuar\u00bb, ha indicado Merino este lunes en la Conferencia Europea de Econom\u00eda Social &#8216;La econom\u00eda social en el centro de las transiciones&#8217;, que se celebra en la localidad belga de Lieja y que re\u00fane a profesionales, cient\u00edficos, responsables pol\u00edticos de la Econom\u00eda Social.<\/p>\n<p> Merino ha se\u00f1alado, seg\u00fan un comunicado del Ministerio de Trabajo, que esta legislatura europea que est\u00e1 a punto de terminar ha sido muy \u00fatil para mejorar la vida de las mayor\u00edas sociales.<\/p>\n<p> \u00abHa sido una legislatura de ganar derechos, y no recortarlos, y esto es especialmente evidente en el \u00e1mbito de la econom\u00eda social\u00bb, seg\u00fan ha afirmado la secretaria de Estado, quien ha valorado este modelo econ\u00f3mico como uno que tiene valor social a\u00f1adido, que crea empleos sostenibles y de calidad y que contribuye a la transici\u00f3n inclusiva, verde y digital de Europa.<\/p>\n<p> Este martes se firmar\u00e1 &#8216;la Hoja de Ruta de Lieja&#8217;, que contiene prioridades para la Econom\u00eda Social que no deben faltar en la pr\u00f3xima agenda social europea, seg\u00fan el citado comunicado.<\/p>\n<p> Entre las reuniones bilaterales que mantendr\u00e1 Merino con la Comisi\u00f3n Europea, Francia, B\u00e9lgica y Alemania, destacan sus encuentros con la vicepresidenta y ministra de Empleo, Acci\u00f3n Social, Sanidad e Igualdad de Valonia, Christie Morreale, y con el Secretario de Estado alem\u00e1n de Econom\u00eda Social y Acci\u00f3n por el Clima, Sven Giegold.<\/p>\n<p> Se analizar\u00e1, seg\u00fan detallan, \u00abel buen momento\u00bb que est\u00e1 atravesando la Econom\u00eda Social en Europa, donde alrededor de 2,8 millones de organizaciones y entidades relacionados con este modelo productivo proporcionan m\u00e1s de 13 millones de puestos de trabajo.<\/p>\n","protected":false},"excerpt":{"rendered":"<p>MADRID, 12 (EUROPA PRESS) La secretaria de Estado de Econom\u00eda Social, Amparo Merino, ha abogado por dar m\u00e1s protagonismo a este modelo productivo en una conferencia ministerial en Bruselas, donde ha pedido que se siga potenciando la econom\u00eda social para que sea \u00abun pilar b\u00e1sico\u00bb en la nueva agenda europea tras las elecciones de junio. [&hellip;]<\/p>\n","protected":false},"author":1,"featured_media":0,"comment_status":"closed","ping_status":"closed","sticky":false,"template":"","format":"standard","meta":{"footnotes":""},"categories":[],"tags":[],"class_list":["post-50090","post","type-post","status-publish","format-standard","hentry"],"_links":{"self":[{"href":"https:\/\/webciudadana.net\/index.php?rest_route=\/wp\/v2\/posts\/50090","targetHints":{"allow":["GET"]}}],"collection":[{"href":"https:\/\/webciudadana.net\/index.php?rest_route=\/wp\/v2\/posts"}],"about":[{"href":"https:\/\/webciudadana.net\/index.php?rest_route=\/wp\/v2\/types\/post"}],"author":[{"embeddable":true,"href":"https:\/\/webciudadana.net\/index.php?rest_route=\/wp\/v2\/users\/1"}],"replies":[{"embeddable":true,"href":"https:\/\/webciudadana.net\/index.php?rest_route=%2Fwp%2Fv2%2Fcomments&post=50090"}],"version-history":[{"count":0,"href":"https:\/\/webciudadana.net\/index.php?rest_route=\/wp\/v2\/posts\/50090\/revisions"}],"wp:attachment":[{"href":"https:\/\/webciudadana.net\/index.php?rest_route=%2Fwp%2Fv2%2Fmedia&parent=50090"}],"wp:term":[{"taxonomy":"category","embeddable":true,"href":"https:\/\/webciudadana.net\/index.php?rest_route=%2Fwp%2Fv2%2Fcategories&post=50090"},{"taxonomy":"post_tag","embeddable":true,"href":"https:\/\/webciudadana.net\/index.php?rest_route=%2Fwp%2Fv2%2Ftags&post=50090"}],"curies":[{"name":"wp","href":"https:\/\/api.w.org\/{rel}","templated":true}]}}