{"id":50102,"date":"2024-02-13T10:51:48","date_gmt":"2024-02-13T09:51:48","guid":{"rendered":"https:\/\/ticker-noticiasep.microcontenidos.com\/NoticiaRSS.vbhtml?user=XRNR562DLR&amp;cod=20240213105148"},"modified":"2024-02-13T10:51:48","modified_gmt":"2024-02-13T09:51:48","slug":"sol-de-ibiza-abre-una-ronda-de-financiacion-participativa-a-traves-de-bolsa-social","status":"publish","type":"post","link":"https:\/\/webciudadana.net\/?p=50102","title":{"rendered":"Sol de Ibiza abre una ronda de financiaci\u00f3n participativa a trav\u00e9s de Bolsa Social"},"content":{"rendered":"\n<div><img decoding=\"async\" src=\"\/wp-content\/uploads\/sites\/2\/2024\/02\/sol-de-ibiza-abre-una-ronda-de-financiacion-participativa-a-traves-de-bolsa-social.jpg\" class=\"ff-og-image-inserted\"><\/div>\n<p> MADRID, 13 (EUROPA PRESS)<\/p>\n<p> Sol de Ibiza, una marca de protecci\u00f3n solar ecol\u00f3gica creada con materiales naturales y org\u00e1nicos, ha abierto una ronda de financiaci\u00f3n participativa a trav\u00e9s de Bolsa Social con el objetivo de conseguir, seg\u00fan ha indicado, un m\u00ednimo de 350.000 euros para aumentar su gama de productos y \u00abdar el salto comercial\u00bb a Estados Unidos.<\/p>\n<p> La compa\u00f1\u00eda trabaja para reducir los componentes qu\u00edmicos derivados del petr\u00f3leo que da\u00f1an los ecosistemas marinos y que forman parte de estos productos. Estas micropart\u00edculas, a su vez, son ingeridas por los peces, y se han encontrado filtros ultravioleta en varios niveles de la cadena alimenticia.<\/p>\n<p> Este fue el origen de la creaci\u00f3n de Sol de Ibiza: erradicar los residuos de cremas solares en el Mediterr\u00e1neo a trav\u00e9s de una f\u00f3rmula de protecci\u00f3n solar \u00fanicamente con ingredientes naturales y org\u00e1nicos, que en 2019 se lanz\u00f3 al mercado, de la mano del economista Alessandro Mancini.<\/p>\n<p> En la actualidad, la empresa cuenta con una l\u00ednea de cinco productos de formulaci\u00f3n org\u00e1nica, vegana, cruelty-free, de residuo cero y sin agua, ya que esta \u00faltima, \u00abno aporta valor a la f\u00f3rmula y su omisi\u00f3n contribuye a la reducci\u00f3n de residuos y emisiones de CO2 asociadas al transporte\u00bb, seg\u00fan han indicado.<\/p>\n<p> As\u00ed, la firma ha desarrollado sus protectores solares mediante la utilizaci\u00f3n del \u00f3xido de zinc sin nanopart\u00edculas como filtro solar y combin\u00e1ndolo con una selecci\u00f3n de ingredientes de origen natural como el aloe vera, la cal\u00e9ndula, la almendra, la manteca de karit\u00e9 o el aceite de jojoba.<\/p>\n<p>\nABIERTA RONDA DE FINANCIACI\u00d3N PARTICIPATIVA <\/p>\n<p> En la actualidad, la compa\u00f1\u00eda tiene presencia en el mercado europeo como protector solar mineral org\u00e1nico certificado. En concreto, posee m\u00e1s de 1.200 puntos de venta f\u00edsicos, aparte de los canales digitales (su propia web, Amazon y cientos de tiendas online), donde realiza, seg\u00fan ha se\u00f1alado, el 29% de las ventas.<\/p>\n<p> \u00abComenzamos nuestro negocio en las Islas Canarias y Baleares, centrados en la venta directa. Desde entonces, hemos llevado un crecimiento constante, expandiendo nuestra presencia a 19 pa\u00edses europeos y llegando a lugares tan singulares como Islandia. En un mercado altamente fragmentado, Sol de Ibiza ocupa una posici\u00f3n \u00fanica como la primera marca europea multipa\u00eds en la categor\u00eda de protecci\u00f3n solar natural\u00bb, ha sostenido Mancini.<\/p>\n<p> Este compromiso con la sostenibilidad se refleja tambi\u00e9n en sus envases: utiliza latas de metal reciclables y reutilizables, sticks de cart\u00f3n 100% degradables y biocompostables, y botellas de vidrio con tap\u00f3n de aluminio, para \u00abpromover la conciencia ecol\u00f3gica en la industria cosm\u00e9tica\u00bb, como han se\u00f1alado.<\/p>\n<p> Adem\u00e1s, Sol de Ibiza forma parte de la red global 1% for the Planet y, desde su nacimiento, dona el 1% de su facturaci\u00f3n a la Ibiza Preservation Foundation, que promueve la conservaci\u00f3n y recuperaci\u00f3n del patrimonio natural de Ibiza y Formentera. Desde 2019, seg\u00fan ha declarado, ha contribuido con unos 6.000 euros a esta causa.<\/p>\n","protected":false},"excerpt":{"rendered":"<p>MADRID, 13 (EUROPA PRESS) Sol de Ibiza, una marca de protecci\u00f3n solar ecol\u00f3gica creada con materiales naturales y org\u00e1nicos, ha abierto una ronda de financiaci\u00f3n participativa a trav\u00e9s de Bolsa Social con el objetivo de conseguir, seg\u00fan ha indicado, un m\u00ednimo de 350.000 euros para aumentar su gama de productos y \u00abdar el salto comercial\u00bb [&hellip;]<\/p>\n","protected":false},"author":1,"featured_media":0,"comment_status":"closed","ping_status":"closed","sticky":false,"template":"","format":"standard","meta":{"footnotes":""},"categories":[],"tags":[],"class_list":["post-50102","post","type-post","status-publish","format-standard","hentry"],"_links":{"self":[{"href":"https:\/\/webciudadana.net\/index.php?rest_route=\/wp\/v2\/posts\/50102","targetHints":{"allow":["GET"]}}],"collection":[{"href":"https:\/\/webciudadana.net\/index.php?rest_route=\/wp\/v2\/posts"}],"about":[{"href":"https:\/\/webciudadana.net\/index.php?rest_route=\/wp\/v2\/types\/post"}],"author":[{"embeddable":true,"href":"https:\/\/webciudadana.net\/index.php?rest_route=\/wp\/v2\/users\/1"}],"replies":[{"embeddable":true,"href":"https:\/\/webciudadana.net\/index.php?rest_route=%2Fwp%2Fv2%2Fcomments&post=50102"}],"version-history":[{"count":0,"href":"https:\/\/webciudadana.net\/index.php?rest_route=\/wp\/v2\/posts\/50102\/revisions"}],"wp:attachment":[{"href":"https:\/\/webciudadana.net\/index.php?rest_route=%2Fwp%2Fv2%2Fmedia&parent=50102"}],"wp:term":[{"taxonomy":"category","embeddable":true,"href":"https:\/\/webciudadana.net\/index.php?rest_route=%2Fwp%2Fv2%2Fcategories&post=50102"},{"taxonomy":"post_tag","embeddable":true,"href":"https:\/\/webciudadana.net\/index.php?rest_route=%2Fwp%2Fv2%2Ftags&post=50102"}],"curies":[{"name":"wp","href":"https:\/\/api.w.org\/{rel}","templated":true}]}}