{"id":50107,"date":"2024-02-13T11:42:52","date_gmt":"2024-02-13T10:42:52","guid":{"rendered":"https:\/\/ticker-noticiasep.microcontenidos.com\/NoticiaRSS.vbhtml?user=XRNR562DLR&amp;cod=20240213114252"},"modified":"2024-02-13T11:42:52","modified_gmt":"2024-02-13T10:42:52","slug":"bbva-allianz-nombra-a-pablo-lafarga-como-nuevo-director-de-negocio","status":"publish","type":"post","link":"https:\/\/webciudadana.net\/?p=50107","title":{"rendered":"BBVA Allianz nombra a Pablo Lafarga como nuevo Director de Negocio"},"content":{"rendered":"\n<div><img decoding=\"async\" src=\"\/wp-content\/uploads\/sites\/2\/2024\/02\/bbva-allianz-nombra-a-pablo-lafarga-como-nuevo-director-de-negocio.jpg\" class=\"ff-og-image-inserted\"><\/div>\n<p>(Informaci\u00f3n remitida por la empresa firmante)<\/p>\n<p>\nMadrid, 13 de febrero<\/p>\n<p>\nLafarga se incorpora a la entidad en sustituci\u00f3n de Carles Alsina, a quien relevar\u00e1 tambi\u00e9n en el Comit\u00e9 de Direcci\u00f3n de la joint venture. Cuenta con m\u00e1s de 25 a\u00f1os de experiencia en gesti\u00f3n empresarial en bancos internacionales de primer nivel<\/p>\n<p>\nBBVA Allianz, la \u00abjoint venture\u00bb de bancaseguros de BBVA y Allianz, ha nombrado a Pablo Lafarga como su nuevo Director de Negocio (CBO), en sustituci\u00f3n de Carles Alsina. Lafarga, cuenta con una amplia experiencia en el sector bancario de nuestro pa\u00eds y ocupar\u00e1 tambi\u00e9n un puesto en el Comit\u00e9 de Direcci\u00f3n de BBVA Allianz.<\/p>\n<p> Pablo se suma al equipo de BBVA Allianz, procedente de BBVA Espa\u00f1a, donde ejerc\u00eda como Responsable de Banca Transaccional para Empresas. El nuevo director de Negocio de BBVA Allianz cuenta con m\u00e1s de 25 a\u00f1os de experiencia en gesti\u00f3n empresarial, con especial foco en el sector inmobiliario, gesti\u00f3n de tesorer\u00eda y financiaci\u00f3n a corto plazo para empresas en Espa\u00f1a.<\/p>\n<p> \u00abEstamos muy contentos de dar la bienvenida a Pablo Lafarga como nuestro nuevo Director de Negocio. Durante su dilatada experiencia en BBVA ha demostrado sus dotes de liderazgo y un gran compromiso con su trabajo. Estamos convencidos de que ser\u00e1 una gran contribuci\u00f3n en el crecimiento, as\u00ed como en la digitalizaci\u00f3n e innovaci\u00f3n de nuestro negocio\u00bb, se\u00f1al\u00f3 Maite Archaga, Directora General de BBVA Allianz.<\/p>\n<p> Licenciado en Derecho y Econ\u00f3micas por la Universidad de Deusto, Pablo Lafarga se incorpor\u00f3 a BBVA en el a\u00f1o 1997, donde desempe\u00f1\u00f3 diversos puestos de responsabilidad. Tras una pausa de tres a\u00f1os, entre 2018 y 2021, donde estuvo al frente de la direcci\u00f3n comercial de importantes grupos de Real Estate, regres\u00f3 a BBVA para liderar su \u00e1rea de banca transaccional para empresas. Lafarga se suma al equipo de BBVA Allianz para impulsar el crecimiento de su negocio, marcado por la apuesta por la transformaci\u00f3n digital y la adaptaci\u00f3n a las nuevas demandas de los clientes.<\/p>\n<p> Pablo sustituye a Carles Alsina, quien ha finalizado su destacado recorrido profesional, con un gran impacto en el proyecto BBVA Allianz.<\/p>\n<p> El Comit\u00e9 de Direcci\u00f3n de BBVA Allianz<\/p>\n<p>\n\u00b7**Teresa Archaga, Directora General<\/p>\n<p>\n\u00b7**Javier Garc\u00eda, Director Financiero (CFO)<\/p>\n<p>\n\u00b7**Pablo Lafarga, Director de Negocio (CBO)<\/p>\n<p>\n\u00b7**Ramon Lasurt (COO)<\/p>\n<p>\n\u00b7**Jos\u00e9 Mar\u00eda Casanova, Director de Pricing, Underwriting &amp; Data<\/p>\n<p>\nSobre BBVA Allianz<\/p>\n<p>\n*BBVA Allianz Seguros, la &#8216;joint venture&#8217; de bancaseguros entre Allianz y BBVA, comenz\u00f3 a operar en Espa\u00f1a en diciembre de 2020. La compa\u00f1\u00eda a\u00fana la capacidad de distribuci\u00f3n en canales f\u00edsicos y digitales de BBVA con el conocimiento de Allianz para desarrollar seguros de no vida simples y digitales.<\/p>\n<p> BBVA Allianz Seguros es fruto de una de las mayores alianzas de bancaseguros en el ramo de no vida, que une a dos l\u00edderes globales con prioridades estrat\u00e9gicas comunes. La compa\u00f1\u00eda atiende de forma exclusiva a los clientes de la entidad bancaria en Espa\u00f1a para productos de no vida (excluyendo los seguros de salud).<\/p>\n<p> Contacto<\/p>\n<p>\nNombre contacto: Sonia Rodr\u00edguez<\/p>\n<p>\nDescripci\u00f3n contacto: Allianz<\/p>\n<p>\nTel\u00e9fono de contacto: 638930008<\/p>\n","protected":false},"excerpt":{"rendered":"<p>(Informaci\u00f3n remitida por la empresa firmante) Madrid, 13 de febrero Lafarga se incorpora a la entidad en sustituci\u00f3n de Carles Alsina, a quien relevar\u00e1 tambi\u00e9n en el Comit\u00e9 de Direcci\u00f3n de la joint venture. Cuenta con m\u00e1s de 25 a\u00f1os de experiencia en gesti\u00f3n empresarial en bancos internacionales de primer nivel BBVA Allianz, la \u00abjoint [&hellip;]<\/p>\n","protected":false},"author":1,"featured_media":0,"comment_status":"closed","ping_status":"closed","sticky":false,"template":"","format":"standard","meta":{"footnotes":""},"categories":[],"tags":[],"class_list":["post-50107","post","type-post","status-publish","format-standard","hentry"],"_links":{"self":[{"href":"https:\/\/webciudadana.net\/index.php?rest_route=\/wp\/v2\/posts\/50107","targetHints":{"allow":["GET"]}}],"collection":[{"href":"https:\/\/webciudadana.net\/index.php?rest_route=\/wp\/v2\/posts"}],"about":[{"href":"https:\/\/webciudadana.net\/index.php?rest_route=\/wp\/v2\/types\/post"}],"author":[{"embeddable":true,"href":"https:\/\/webciudadana.net\/index.php?rest_route=\/wp\/v2\/users\/1"}],"replies":[{"embeddable":true,"href":"https:\/\/webciudadana.net\/index.php?rest_route=%2Fwp%2Fv2%2Fcomments&post=50107"}],"version-history":[{"count":0,"href":"https:\/\/webciudadana.net\/index.php?rest_route=\/wp\/v2\/posts\/50107\/revisions"}],"wp:attachment":[{"href":"https:\/\/webciudadana.net\/index.php?rest_route=%2Fwp%2Fv2%2Fmedia&parent=50107"}],"wp:term":[{"taxonomy":"category","embeddable":true,"href":"https:\/\/webciudadana.net\/index.php?rest_route=%2Fwp%2Fv2%2Fcategories&post=50107"},{"taxonomy":"post_tag","embeddable":true,"href":"https:\/\/webciudadana.net\/index.php?rest_route=%2Fwp%2Fv2%2Ftags&post=50107"}],"curies":[{"name":"wp","href":"https:\/\/api.w.org\/{rel}","templated":true}]}}