{"id":50124,"date":"2024-02-13T17:17:53","date_gmt":"2024-02-13T16:17:53","guid":{"rendered":"https:\/\/ticker-noticiasep.microcontenidos.com\/NoticiaRSS.vbhtml?user=XRNR562DLR&amp;cod=20240213171753"},"modified":"2024-02-13T17:17:53","modified_gmt":"2024-02-13T16:17:53","slug":"fundacion-atresmedia-y-fundacion-la-caixa-se-unen-para-impulsar-las-competencias-digitales-de-la-comunidad-educativa","status":"publish","type":"post","link":"https:\/\/webciudadana.net\/?p=50124","title":{"rendered":"Fundaci\u00f3n Atresmedia y Fundaci\u00f3n &#8216;la Caixa&#8217; se unen para impulsar las competencias digitales de la comunidad educativa"},"content":{"rendered":"\n<div><img decoding=\"async\" src=\"\/wp-content\/uploads\/sites\/2\/2024\/02\/fundacion-atresmedia-y-fundacion-la-caixa-se-unen-para-impulsar-las-competencias-digitales-de-la-comunidad-educativa.jpg\" class=\"ff-og-image-inserted\"><\/div>\n<p> MADRID, 13 (EUROPA PRESS)<\/p>\n<p> La Fundaci\u00f3n Atresmedia y la Fundaci\u00f3n &#8216;la Caixa&#8217; han firmado un convenio de colaboraci\u00f3n para desarrollar la tercera edici\u00f3n del proyecto de la Fundaci\u00f3n Atresmedia &#8216;Mentes AMI&#8217;, que arrancar\u00e1 el pr\u00f3ximo 20 de febrero con el objetivo de reconocer buenas pr\u00e1cticas educativas que impulsen competencias medi\u00e1ticas, informacionales y digitales.<\/p>\n<p> La directora general corporativa de Atresmedia y directora de la Fundaci\u00f3n Atresmedia, Patricia P\u00e9rez, y la directora general adjunta de la Fundaci\u00f3n &#8216;la Caixa&#8217;, Elisa Dur\u00e1n, han sellado el acuerdo este martes en la sede de la Fundaci\u00f3n &#8216;la Caixa&#8217; en Barcelona, con la presencia del director corporativo de Educaci\u00f3n y Marketing de la Fundaci\u00f3n &#8216;la Caixa&#8217;, Xavier Bertol\u00edn. La entidad vincular\u00e1 su colaboraci\u00f3n con su programa educativo EduCaixa, que impulsa la transformaci\u00f3n educativa para responder a las necesidades de la sociedad del siglo XXI, seg\u00fan detallan en un comunicado.<\/p>\n<p> Con esta alianza, ambas entidades expresan su compromiso en la contribuci\u00f3n para la mejora educativa desde el \u00e1mbito de la Alfabetizaci\u00f3n Medi\u00e1tica e Informacional (AMI) y reflejan su inter\u00e9s por contribuir a la tercera edici\u00f3n de &#8216;Mentes AMI&#8217;, as\u00ed como aumentar el impacto de este proyecto, promoviendo y difundiendo las iniciativas innovadoras y de gran impacto que puedan servir de utilidad y referencia a la comunidad docente.<\/p>\n<p> La directora de la Fundaci\u00f3n Atresmedia ha se\u00f1alado que esta Fundaci\u00f3n y la Fundaci\u00f3n &#8216;la Caixa&#8217; son \u00abentidades comprometidas desde hace a\u00f1os con la educaci\u00f3n\u00bb. \u00abA trav\u00e9s de este convenio de colaboraci\u00f3n queremos unir nuestras fuerzas para proporcionar a los docentes herramientas \u00fatiles que les permitan trabajar la AMI en el aula, y espec\u00edficamente el pensamiento cr\u00edtico, la creatividad audiovisual responsable o competencias digitales que ayuden a sus alumnos a desarrollar todo su potencial y a manejar con seguridad y respeto los diferentes medios de comunicaci\u00f3n\u00bb, ha detallado.<\/p>\n<p> Por su parte, la directora general adjunta de la Fundaci\u00f3n \u00abla Caixa\u00bb ha declarado que \u00abpara que los ni\u00f1os y los j\u00f3venes entiendan el mundo actual y aprendan a procesar la gran cantidad de informaci\u00f3n que consumimos, cada vez son m\u00e1s necesarios el pensamiento cr\u00edtico y la capacidad de an\u00e1lisis\u00bb. \u00abPor ello, impulsamos iniciativas como este proyecto, alineado con nuestra vocaci\u00f3n transformadora para mejorar la educaci\u00f3n y contribuir al fomento de una sociedad m\u00e1s justa desde las aulas\u00bb, ha apostillado.<\/p>\n<p>\nPREMIOS MENTES AMI 2024<\/p>\n<p> La primera acci\u00f3n conjunta que llevar\u00e1n a cabo las dos entidades ser\u00e1 la convocatoria de los Premios Mentes AMI 2024, que abre el plazo de recepci\u00f3n de candidaturas el pr\u00f3ximo 20 de febrero para que docentes, equipos de profesores y centros educativos presenten sus proyectos desarrollados en las aulas y fomentan el pensamiento cr\u00edtico, la creatividad audiovisual responsable, las competencias digitales o los valores y convivencia del alumnado. Las bases legales de la convocatoria pueden consultarse en la p\u00e1gina web del proyecto.<\/p>\n<p> Esta convocatoria de premios busca promover, distinguir y visibilizar aquellas iniciativas pedag\u00f3gicas y buenas pr\u00e1cticas educativas llevadas a cabo por docentes y centros durante este curso escolar (2023-2024) y que han tenido como destinatarios a alumnos de Educaci\u00f3n Infantil, Primaria, Secundaria, Bachillerato, Formaci\u00f3n Profesional en sus grados b\u00e1sico y medio, o alumnos de Escuelas de Segunda Oportunidad menores de 18 a\u00f1os, para favorecer su participaci\u00f3n como ciudadanos responsables en la sociedad de la informaci\u00f3n.<\/p>\n<p> En concreto, se conceder\u00e1n premios en las categor\u00edas de Premio Mentes AMI al Fomento del Pensamiento Cr\u00edtico; Premio Mentes AMI al Impulso de la Creatividad Audiovisual responsable; Premio Mentes AMI al Desarrollo de las Competencias digitales; y Premio Mentes AMI a la Promoci\u00f3n de los Valores y la Convivencia.<\/p>\n<p> Adem\u00e1s, el proyecto &#8216;Mentes AMI&#8217; consta de una segunda acci\u00f3n dirigida a la comunidad educativa: un gran encuentro de conocimiento e inspiraci\u00f3n, que se celebrar\u00e1 en octubre, para contribuir, a trav\u00e9s de ponencias y debates de profesionales de \u00e1mbitos relacionados con la educaci\u00f3n y din\u00e1micas interactivas, al desarrollo de habilidades y competencias relacionadas con la Alfabetizaci\u00f3n Medi\u00e1tica e Informacional (AMI) y proporcionar a los docentes herramientas pr\u00e1cticas para su aplicaci\u00f3n en el aula.<\/p>\n<p> Los proyectos ganadores de esta tercera edici\u00f3n se revelar\u00e1n en directo en el &#8216;Encuentro Mentes AMI&#8217; y ser\u00e1n difundidos en los canales de televisi\u00f3n y emisoras de radio del Grupo Atresmedia, as\u00ed como en la p\u00e1gina web y las redes sociales de la Fundaci\u00f3n Atresmedia (Instagram, Twitter, Facebook, LinkedIn, TikTok) para que sirvan como inspiraci\u00f3n a otros centros y docentes.<\/p>\n","protected":false},"excerpt":{"rendered":"<p>MADRID, 13 (EUROPA PRESS) La Fundaci\u00f3n Atresmedia y la Fundaci\u00f3n &#8216;la Caixa&#8217; han firmado un convenio de colaboraci\u00f3n para desarrollar la tercera edici\u00f3n del proyecto de la Fundaci\u00f3n Atresmedia &#8216;Mentes AMI&#8217;, que arrancar\u00e1 el pr\u00f3ximo 20 de febrero con el objetivo de reconocer buenas pr\u00e1cticas educativas que impulsen competencias medi\u00e1ticas, informacionales y digitales. La directora [&hellip;]<\/p>\n","protected":false},"author":1,"featured_media":0,"comment_status":"closed","ping_status":"closed","sticky":false,"template":"","format":"standard","meta":{"footnotes":""},"categories":[],"tags":[],"class_list":["post-50124","post","type-post","status-publish","format-standard","hentry"],"_links":{"self":[{"href":"https:\/\/webciudadana.net\/index.php?rest_route=\/wp\/v2\/posts\/50124","targetHints":{"allow":["GET"]}}],"collection":[{"href":"https:\/\/webciudadana.net\/index.php?rest_route=\/wp\/v2\/posts"}],"about":[{"href":"https:\/\/webciudadana.net\/index.php?rest_route=\/wp\/v2\/types\/post"}],"author":[{"embeddable":true,"href":"https:\/\/webciudadana.net\/index.php?rest_route=\/wp\/v2\/users\/1"}],"replies":[{"embeddable":true,"href":"https:\/\/webciudadana.net\/index.php?rest_route=%2Fwp%2Fv2%2Fcomments&post=50124"}],"version-history":[{"count":0,"href":"https:\/\/webciudadana.net\/index.php?rest_route=\/wp\/v2\/posts\/50124\/revisions"}],"wp:attachment":[{"href":"https:\/\/webciudadana.net\/index.php?rest_route=%2Fwp%2Fv2%2Fmedia&parent=50124"}],"wp:term":[{"taxonomy":"category","embeddable":true,"href":"https:\/\/webciudadana.net\/index.php?rest_route=%2Fwp%2Fv2%2Fcategories&post=50124"},{"taxonomy":"post_tag","embeddable":true,"href":"https:\/\/webciudadana.net\/index.php?rest_route=%2Fwp%2Fv2%2Ftags&post=50124"}],"curies":[{"name":"wp","href":"https:\/\/api.w.org\/{rel}","templated":true}]}}