{"id":50127,"date":"2024-02-13T18:08:51","date_gmt":"2024-02-13T17:08:51","guid":{"rendered":"https:\/\/ticker-noticiasep.microcontenidos.com\/NoticiaRSS.vbhtml?user=XRNR562DLR&amp;cod=20240213180851"},"modified":"2024-02-13T18:08:51","modified_gmt":"2024-02-13T17:08:51","slug":"dia-obtiene-el-sello-residuo-cero-del-grupo-saica-en-ocho-de-sus-almacenes-en-espana","status":"publish","type":"post","link":"https:\/\/webciudadana.net\/?p=50127","title":{"rendered":"Dia obtiene el sello &#8216;Residuo Cero&#8217; del Grupo Saica en ocho de sus almacenes en Espa\u00f1a"},"content":{"rendered":"\n<div><img decoding=\"async\" src=\"\/wp-content\/uploads\/sites\/2\/2024\/02\/dia-obtiene-el-sello-residuo-cero-del-grupo-saica-en-ocho-de-sus-almacenes-en-espana.jpg\" class=\"ff-og-image-inserted\"><\/div>\n<p> MADRID, 13 (EUROPA PRESS)<\/p>\n<p> Saica Natur, la divisi\u00f3n del Grupo Saica dedicada a la gesti\u00f3n de residuos y servicios medioambientales, ha concedido a ocho de los almacenes de Dia en Espa\u00f1a el sello de &#8216;De Residuos a Recursos: Zero a Vertedero&#8217;, al conseguir que m\u00e1s de un 95% de los residuos generados en sus instalaciones puedan ser reutilizados, reciclados o valorizados energ\u00e9ticamente.<\/p>\n<p> En concreto, se trata de los almacenes de Dia en Illescas, Sabadell, Miranda, Sevilla, M\u00e9rida, Zaragoza, Getafe y Santiago, seg\u00fan han dado a conocer ambas entidades en un comunicado.<\/p>\n<p> Gracias a este modelo de gesti\u00f3n, se ha evitado el dep\u00f3sito en vertedero de m\u00e1s de 38 millones de kilos de residuos (cerca del 98% del total de residuos generados en aquellas plataformas en las que ya est\u00e1 implementado).<\/p>\n<p> Considerando las ocho plataformas que ostentan el sello, se reciclaron durante el a\u00f1o 2023 26.400 toneladas de papel y cart\u00f3n, que se transformaron en m\u00e1s de 174 millones de embalajes de cart\u00f3n 100% reciclado y reciclable para nuevos usos; 900 toneladas destinadas a elaborar piensos para alimentaci\u00f3n animal; 2.200 toneladas de compost obtenido y 1.200 toneladas de combustibles, entre otros.<\/p>\n<p> Tambi\u00e9n se recuperaron 1.969 toneladas de polietileno de baja densidad transparente, equivalentes a m\u00e1s de 9 millones de m2 de film estirable reciclado, para utilizarse como nuevos envases.<\/p>\n<p> Asimismo, el Grupo Saica valoriz\u00f3 energ\u00e9ticamente 1.240 toneladas de combustible s\u00f3lido recuperado (CSR) a lo largo del a\u00f1o, generando as\u00ed 2.563.038 kWh, energ\u00eda el\u00e9ctrica equivalente al consumo anual de 783 hogares en Espa\u00f1a.<\/p>\n<p> Este sello reconoce y distingue a aquellas empresas comprometidas con el medio ambiente que persiguen la excelencia en la gesti\u00f3n de sus residuos, al exigir un porcentaje de valorizaci\u00f3n igual o superior al 95% de la cantidad de residuos generada. El cumplimiento de los requisitos del sello, para lo que es clave asegurar en todo momento su trazabilidad, es verificado por T\u00dcV S\u00dcD, empresa internacional de certificaci\u00f3n.<\/p>\n<p> Esta alianza, destacan, ha posibilitado desarrollar con \u00e9xito modelos circulares para el aprovechamiento de residuos como la transformaci\u00f3n de residuos de panader\u00eda\/boller\u00eda en piensos para animales o la fabricaci\u00f3n de compost a partir de residuos org\u00e1nicos, adem\u00e1s de la reintroducci\u00f3n de los de los envases de papel y cart\u00f3n en el circuito de fabricaci\u00f3n de papel para convertirlo en nuevas formas de packaging sostenible; la recuperaci\u00f3n del polietileno de baja densidad para su conversi\u00f3n nuevamente en film, as\u00ed como la valoraci\u00f3n energ\u00e9tica de otros residuos no aprovechables materialmente para producir electricidad y vapor.<\/p>\n<p> \u00abDurante 2023, adem\u00e1s de renovar el compromiso en Getafe, Miranda, Santiago, Sabadell, que, en su mayor\u00eda, han mejorado el resultado respecto al a\u00f1o anterior, se han incorporado a este modelo de gesti\u00f3n cuatro plataformas m\u00e1s (ubicadas en Illescas, Dos Hermanas, M\u00e9rida y Zaragoza), que han obtenido el sello que acredita su buena gesti\u00f3n, tras someterse a la correspondiente auditor\u00eda de certificaci\u00f3n. Por otro lado, hemos comenzado 2024 renovando la certificaci\u00f3n de Illescas y Getafe, siendo la de este \u00faltimo la segunda renovaci\u00f3n. Sin duda, una buena muestra del compromiso de Dia por impulsar la transici\u00f3n a un modelo de producci\u00f3n y consumo responsable y consciente\u00bb, se\u00f1ala la responsable de Sostenibilidad de Dia Espa\u00f1a, Trinidad D\u00e1vila.<\/p>\n<p> \u00abEstamos encantados de poder acompa\u00f1ar a Dia en la transformaci\u00f3n de su negocio a un modelo m\u00e1s sostenible. La consecuci\u00f3n del sello &#8216;De Residuos a Recursos: Zero a Vertedero&#8217; en estas ocho plataformas es fruto de una extensa colaboraci\u00f3n, enfocada en la exploraci\u00f3n e implementaci\u00f3n de innovadoras soluciones sostenibles para la valorizaci\u00f3n de sus residuos\u00bb, a\u00f1ade el director comercial de Saica Natur en South Europe, Ignacio Bragado.<\/p>\n","protected":false},"excerpt":{"rendered":"<p>MADRID, 13 (EUROPA PRESS) Saica Natur, la divisi\u00f3n del Grupo Saica dedicada a la gesti\u00f3n de residuos y servicios medioambientales, ha concedido a ocho de los almacenes de Dia en Espa\u00f1a el sello de &#8216;De Residuos a Recursos: Zero a Vertedero&#8217;, al conseguir que m\u00e1s de un 95% de los residuos generados en sus instalaciones [&hellip;]<\/p>\n","protected":false},"author":1,"featured_media":0,"comment_status":"closed","ping_status":"closed","sticky":false,"template":"","format":"standard","meta":{"footnotes":""},"categories":[],"tags":[],"class_list":["post-50127","post","type-post","status-publish","format-standard","hentry"],"_links":{"self":[{"href":"https:\/\/webciudadana.net\/index.php?rest_route=\/wp\/v2\/posts\/50127","targetHints":{"allow":["GET"]}}],"collection":[{"href":"https:\/\/webciudadana.net\/index.php?rest_route=\/wp\/v2\/posts"}],"about":[{"href":"https:\/\/webciudadana.net\/index.php?rest_route=\/wp\/v2\/types\/post"}],"author":[{"embeddable":true,"href":"https:\/\/webciudadana.net\/index.php?rest_route=\/wp\/v2\/users\/1"}],"replies":[{"embeddable":true,"href":"https:\/\/webciudadana.net\/index.php?rest_route=%2Fwp%2Fv2%2Fcomments&post=50127"}],"version-history":[{"count":0,"href":"https:\/\/webciudadana.net\/index.php?rest_route=\/wp\/v2\/posts\/50127\/revisions"}],"wp:attachment":[{"href":"https:\/\/webciudadana.net\/index.php?rest_route=%2Fwp%2Fv2%2Fmedia&parent=50127"}],"wp:term":[{"taxonomy":"category","embeddable":true,"href":"https:\/\/webciudadana.net\/index.php?rest_route=%2Fwp%2Fv2%2Fcategories&post=50127"},{"taxonomy":"post_tag","embeddable":true,"href":"https:\/\/webciudadana.net\/index.php?rest_route=%2Fwp%2Fv2%2Ftags&post=50127"}],"curies":[{"name":"wp","href":"https:\/\/api.w.org\/{rel}","templated":true}]}}