{"id":50147,"date":"2024-02-14T12:25:17","date_gmt":"2024-02-14T11:25:17","guid":{"rendered":"https:\/\/ticker-noticiasep.microcontenidos.com\/NoticiaRSS.vbhtml?user=XRNR562DLR&amp;cod=20240214122517"},"modified":"2024-02-14T12:25:17","modified_gmt":"2024-02-14T11:25:17","slug":"gealan-academy-desembarca-en-la-peninsula-iberica-para-revolucionar-la-formacion-en-el-sector-de-la-ventana","status":"publish","type":"post","link":"https:\/\/webciudadana.net\/?p=50147","title":{"rendered":"GEALAN-ACADEMY desembarca en la Pen\u00ednsula Ib\u00e9rica para revolucionar la formaci\u00f3n en el sector de la ventana"},"content":{"rendered":"\n<div><img decoding=\"async\" src=\"\/wp-content\/uploads\/sites\/2\/2024\/02\/gealan-academy-desembarca-en-la-peninsula-iberica-para-revolucionar-la-formacion-en-el-sector-de-la-ventana.jpg\" class=\"ff-og-image-inserted\"><\/div>\n<p>(Informaci\u00f3n remitida por la empresa firmante)<\/p>\n<p>\nEn 2024, la academia de GEALAN organizar\u00e1 cuatro eventos presenciales entre Espa\u00f1a y Portugal. Los eventos tienen una capacidad para cuarenta personas y la inscripci\u00f3n se realiza en l\u00ednea<\/p>\n<p>\nBarcelona, 14 de febrero de 2024.-*GEALAN, l\u00edder en soluciones innovadoras para ventanas y puertas de PVC, anuncia la llegada de GEALAN-ACADEMY a la Pen\u00ednsula Ib\u00e9rica. La academia, reconocida por su compromiso con la excelencia en formaci\u00f3n, dirigir\u00e1 cuatro eventos presenciales dise\u00f1ados para instaladores, arquitectos, fabricantes, vendedores, t\u00e9cnicos y todo aquel interesado en el sector. Estos eventos abordar\u00e1n temas cruciales que van desde la instalaci\u00f3n de ventanas hasta la digitalizaci\u00f3n y la sostenibilidad como ejes esenciales del futuro.<\/p>\n<p> El programa del 2024 para GEALAN-ACADEMY incluye el \u00abD\u00cdA GEALAN\u00bb en cuatro ciudades clave. La primera parada ser\u00e1 en M\u00e1laga el 9 de febrero, que con todas las entradas agotadas desde hace semanas corrobora el inter\u00e9s y la demanda de la formaci\u00f3n en la regi\u00f3n. La segunda sesi\u00f3n se llevar\u00e1 a cabo en Madrid el 19 de abril, seguida de Santiago de Compostela el 14 de junio, y finalmente, Lisboa el 13 de septiembre. Cada evento tiene capacidad para 40 participantes, asegurando as\u00ed una formaci\u00f3n cercana y de calidad.<\/p>\n<p> La oferta de la academia abarcar\u00e1 una amplia gama de temas, desde la instalaci\u00f3n de ventanas hasta el acristalamiento y el montaje de puertas. Se profundizar\u00e1 en aspectos clave, como GEALAN-LINEAR*, un sistema certificado Passivhaus con l\u00edneas rectas, GEALAN-acrylcolor*, con beneficios \u00fanicos frente al cambio clim\u00e1tico, y la nueva serie GEALAN-KONTUR*, dise\u00f1ada con 82,5 mm de profundidad de montaje y junta central r\u00edgida para cumplir con la clase anti robo RC3. Pero no solo se hablar\u00e1 de sus soluciones, sino que la academia trata tambi\u00e9n aspectos de marketing, digitalizaci\u00f3n e innovaci\u00f3n, un programa pensado para que las empresas puedan diferenciarse en el mercado con sus productos y servicios.<\/p>\n<p> GEALAN-ACADEMY se presenta como una inversi\u00f3n para el futuro del sector, brindando oportunidades de desarrollo profesional y fomentando una comunidad de conocimiento din\u00e1mica e interactiva. Es un espacio donde los profesionales pueden avanzar y aprovechar las oportunidades de desarrollo que ofrece la multinacional alemana. \u00abEn un mundo donde todo gira muy r\u00e1pido, formarse es sin\u00f3nimo de invertir en el futuro, o en otras palabras, es el que determinar\u00e1 el \u00e9xito de cualquier empresa moderna\u00bb, afirma Jos\u00e9 Miguel Cort\u00e9s, Director de GEALAN para Espa\u00f1a y Portugal, quien tambi\u00e9n formar\u00e1 parte de la bater\u00eda de ponentes de la academia. Como Cort\u00e9s ha reiterado en diferentes ocasiones, en una era marcada por la personalizaci\u00f3n, la asesor\u00eda t\u00e9cnica est\u00e1 teniendo mucho peso entre el p\u00fablico general que busca y quiere que le asesoren cuidadosamente durante la compra para tomar decisiones conscientes y pensadas en el futuro. As\u00ed pues, GEALAN-ACADEMY emerge como un hito esencial para aquellos que buscan destacar en la instalaci\u00f3n y venta de ventanas de calidad.<\/p>\n<p> Acerca de GEALAN<\/p>\n<p>\n*El grupo de empresas GEALAN es uno de los principales fabricantes europeos de perfiles de PVC para sistemas de ventanas y puertas.<\/p>\n<p> Los perfiles GEALAN se dise\u00f1an, fabrican y distribuyen en la propia empresa. Son la base para fabricar sistemas de ventanas, puertas y soluciones correderas modernas de gran belleza, excepcionalmente robustas y especialmente seguras, y dotarlas de los mejores valores de aislamiento t\u00e9rmico.&nbsp;GEALAN fabrica las herramientas de extrusi\u00f3n utilizadas para la producci\u00f3n de perfiles en su propio taller de herramientas altamente automatizado.<\/p>\n<p> Como proveedor de sistemas innovadores para perfiles de ventanas y puertas de PVC, GEALAN ofrece a sus socios una amplia gama de servicios como los servicios de consultor\u00eda arquitect\u00f3nica e ingenier\u00eda de la construcci\u00f3n que ayudan a arquitectos y planificadores en su trabajo diario, o las herramientas inteligentes que simplifican la planificaci\u00f3n y la licitaci\u00f3n. Adem\u00e1s, organizan cursos de formaci\u00f3n y seminarios para que sus socios est\u00e9n al d\u00eda de las \u00faltimas soluciones de GEALAN.<\/p>\n<p> En toda Europa, GEALAN emplea a unas 1600 personas y en 2022 gener\u00f3 una facturaci\u00f3n anual de m\u00e1s de 390 millones de euros. Desde 2014, GEALAN forma parte de la empresa familiar VEKA AG, con sede en Sendenhorst, Westfalia.<\/p>\n<p> Emiso: GEALAN<\/p>\n<p>\nContacto<\/p>\n<p>\nNombre contacto: Olga Garcia Camps<\/p>\n<p>\nDescripci\u00f3n contacto: Responsable de prensa<\/p>\n<p>\nTel\u00e9fono de contacto: 657477001<\/p>\n","protected":false},"excerpt":{"rendered":"<p>(Informaci\u00f3n remitida por la empresa firmante) En 2024, la academia de GEALAN organizar\u00e1 cuatro eventos presenciales entre Espa\u00f1a y Portugal. Los eventos tienen una capacidad para cuarenta personas y la inscripci\u00f3n se realiza en l\u00ednea Barcelona, 14 de febrero de 2024.-*GEALAN, l\u00edder en soluciones innovadoras para ventanas y puertas de PVC, anuncia la llegada de [&hellip;]<\/p>\n","protected":false},"author":1,"featured_media":0,"comment_status":"closed","ping_status":"closed","sticky":false,"template":"","format":"standard","meta":{"footnotes":""},"categories":[],"tags":[],"class_list":["post-50147","post","type-post","status-publish","format-standard","hentry"],"_links":{"self":[{"href":"https:\/\/webciudadana.net\/index.php?rest_route=\/wp\/v2\/posts\/50147","targetHints":{"allow":["GET"]}}],"collection":[{"href":"https:\/\/webciudadana.net\/index.php?rest_route=\/wp\/v2\/posts"}],"about":[{"href":"https:\/\/webciudadana.net\/index.php?rest_route=\/wp\/v2\/types\/post"}],"author":[{"embeddable":true,"href":"https:\/\/webciudadana.net\/index.php?rest_route=\/wp\/v2\/users\/1"}],"replies":[{"embeddable":true,"href":"https:\/\/webciudadana.net\/index.php?rest_route=%2Fwp%2Fv2%2Fcomments&post=50147"}],"version-history":[{"count":0,"href":"https:\/\/webciudadana.net\/index.php?rest_route=\/wp\/v2\/posts\/50147\/revisions"}],"wp:attachment":[{"href":"https:\/\/webciudadana.net\/index.php?rest_route=%2Fwp%2Fv2%2Fmedia&parent=50147"}],"wp:term":[{"taxonomy":"category","embeddable":true,"href":"https:\/\/webciudadana.net\/index.php?rest_route=%2Fwp%2Fv2%2Fcategories&post=50147"},{"taxonomy":"post_tag","embeddable":true,"href":"https:\/\/webciudadana.net\/index.php?rest_route=%2Fwp%2Fv2%2Ftags&post=50147"}],"curies":[{"name":"wp","href":"https:\/\/api.w.org\/{rel}","templated":true}]}}