{"id":50148,"date":"2024-02-14T12:24:40","date_gmt":"2024-02-14T11:24:40","guid":{"rendered":"https:\/\/ticker-noticiasep.microcontenidos.com\/NoticiaRSS.vbhtml?user=XRNR562DLR&amp;cod=20240214122440"},"modified":"2024-02-14T12:24:40","modified_gmt":"2024-02-14T11:24:40","slug":"cruz-roja-y-fundacion-mutualidad-abogacia-protegeran-a-mayores-y-formaran-a-ninos-vulnerables-en-educacion-financiera","status":"publish","type":"post","link":"https:\/\/webciudadana.net\/?p=50148","title":{"rendered":"Cruz Roja y Fundaci\u00f3n Mutualidad Abogac\u00eda proteger\u00e1n a mayores y formar\u00e1n a ni\u00f1os vulnerables en educaci\u00f3n financiera"},"content":{"rendered":"\n<div><img decoding=\"async\" src=\"\/wp-content\/uploads\/sites\/2\/2024\/02\/cruz-roja-y-fundacion-mutualidad-abogacia-protegeran-a-mayores-y-formaran-a-ninos-vulnerables-en-educacion-financiera.jpg\" class=\"ff-og-image-inserted\"><\/div>\n<p> MADRID, 14 (EUROPA PRESS)<\/p>\n<p> Fundaci\u00f3n Mutualidad Abogac\u00eda, organizaci\u00f3n sin \u00e1nimo de lucro de Grupo Mutualidad, y la Cruz Roja Espa\u00f1ola, han anunciado la renovaci\u00f3n para los pr\u00f3ximos dos a\u00f1os, de un convenio para fomentar la participaci\u00f3n de los abogados formados en \u00abprotecci\u00f3n jur\u00eddica de personas mayores\u00bb impartida por Fundaci\u00f3n Mutualidad Abogac\u00eda, en pr\u00e1cticas profesionales con Cruz Roja Espa\u00f1ola, as\u00ed como la formaci\u00f3n de ni\u00f1os y ni\u00f1as en situaci\u00f3n de dificultad social en competencias financieras.<\/p>\n<p> Durante la vigencia del convenio, Fundaci\u00f3n Mutualidad Abogac\u00eda realizar\u00e1 una aportaci\u00f3n econ\u00f3mica de 50.000 euros por a\u00f1o. Este presupuesto va a estar distribuido en un 50% para las acciones dirigidas a la infancia y el otro 50% para las acciones dirigidas a personas mayores, seg\u00fan han informado ambas entidades en un comunicado.<\/p>\n<p> Entre las acciones que se llevar\u00e1n a cabo a trav\u00e9s del convenio de colaboraci\u00f3n, se encuentran jornadas de capacitaci\u00f3n a facilitadores de la red de Cruz Roja en materia de competencias de educaci\u00f3n financiera seg\u00fan el modelo desarrollado por Fundaci\u00f3n Mutualidad Abogac\u00eda; el desarrollo del Laboratorio de Ahorro y Consumo Responsable; la formaci\u00f3n de personal t\u00e9cnico y voluntario del Programa de Infancia sobre aspectos relativos a la vulnerabilidad de la infancia, y el fomento del apoyo a la campa\u00f1a de sensibilizaci\u00f3n de &#8216;Buen trato&#8217;, en torno al 15 de junio, por el D\u00eda Mundial de Toma de Conciencia del Abuso y Maltrato en la Vejez.<\/p>\n<p> La directora de Fundaci\u00f3n Mutualidad Abogac\u00eda, Blanca Narv\u00e1ez, ha manifestado que \u00abla renovaci\u00f3n de este convenio reafirma\u00bb su \u00abcompromiso inquebrantable en la lucha contra la desigualdad social, especialmente focalizada en las personas mayores y en la infancia\u00bb.<\/p>\n<p> \u00abEsta iniciativa est\u00e1 profundamente relacionada con nuestra estrategia de Responsabilidad Social Corporativa, en la que consideramos fundamental la implementaci\u00f3n de los Diez Principios del Pacto Mundial. Asimismo, nuestra misi\u00f3n est\u00e1 alineada con los Objetivos de Desarrollo Sostenible de las Naciones Unidas, guiando nuestro compromiso hacia la consecuci\u00f3n de un futuro m\u00e1s equitativo y sostenible para todos\u00bb, ha destacado.<\/p>\n<p> En el acto de firma, adem\u00e1s de ambos presidentes, Enrique Sanz Fern\u00e1ndez Lomana, por parte de Fundaci\u00f3n Mutualidad Abogac\u00eda, y Mar\u00eda del Mar Pageo Gim\u00e9nez, por parte de Cruz Roja Espa\u00f1ola, han estado presentes: la directora de Fundaci\u00f3n Mutualidad Abogac\u00eda, Blanca Narv\u00e1ez; el presidente de la Escuela de Pensamiento de Fundaci\u00f3n Mutualidad Abogac\u00eda, Jos\u00e9 Miguel Rodr\u00edguez-Pardo; la gestora de esta colaboraci\u00f3n, Ana Torralba; y, por parte de Cruz Roja Espa\u00f1ola, el director de Captaci\u00f3n de fondos y Alianzas con empresas, Jaime Gregori Soler, y la t\u00e9cnica Alianzas con empresas, Carolina Conde G\u00f3mez.<\/p>\n","protected":false},"excerpt":{"rendered":"<p>MADRID, 14 (EUROPA PRESS) Fundaci\u00f3n Mutualidad Abogac\u00eda, organizaci\u00f3n sin \u00e1nimo de lucro de Grupo Mutualidad, y la Cruz Roja Espa\u00f1ola, han anunciado la renovaci\u00f3n para los pr\u00f3ximos dos a\u00f1os, de un convenio para fomentar la participaci\u00f3n de los abogados formados en \u00abprotecci\u00f3n jur\u00eddica de personas mayores\u00bb impartida por Fundaci\u00f3n Mutualidad Abogac\u00eda, en pr\u00e1cticas profesionales con [&hellip;]<\/p>\n","protected":false},"author":1,"featured_media":0,"comment_status":"closed","ping_status":"closed","sticky":false,"template":"","format":"standard","meta":{"footnotes":""},"categories":[],"tags":[],"class_list":["post-50148","post","type-post","status-publish","format-standard","hentry"],"_links":{"self":[{"href":"https:\/\/webciudadana.net\/index.php?rest_route=\/wp\/v2\/posts\/50148","targetHints":{"allow":["GET"]}}],"collection":[{"href":"https:\/\/webciudadana.net\/index.php?rest_route=\/wp\/v2\/posts"}],"about":[{"href":"https:\/\/webciudadana.net\/index.php?rest_route=\/wp\/v2\/types\/post"}],"author":[{"embeddable":true,"href":"https:\/\/webciudadana.net\/index.php?rest_route=\/wp\/v2\/users\/1"}],"replies":[{"embeddable":true,"href":"https:\/\/webciudadana.net\/index.php?rest_route=%2Fwp%2Fv2%2Fcomments&post=50148"}],"version-history":[{"count":0,"href":"https:\/\/webciudadana.net\/index.php?rest_route=\/wp\/v2\/posts\/50148\/revisions"}],"wp:attachment":[{"href":"https:\/\/webciudadana.net\/index.php?rest_route=%2Fwp%2Fv2%2Fmedia&parent=50148"}],"wp:term":[{"taxonomy":"category","embeddable":true,"href":"https:\/\/webciudadana.net\/index.php?rest_route=%2Fwp%2Fv2%2Fcategories&post=50148"},{"taxonomy":"post_tag","embeddable":true,"href":"https:\/\/webciudadana.net\/index.php?rest_route=%2Fwp%2Fv2%2Ftags&post=50148"}],"curies":[{"name":"wp","href":"https:\/\/api.w.org\/{rel}","templated":true}]}}