{"id":50151,"date":"2024-02-14T13:06:21","date_gmt":"2024-02-14T12:06:21","guid":{"rendered":"https:\/\/ticker-noticiasep.microcontenidos.com\/NoticiaRSS.vbhtml?user=XRNR562DLR&amp;cod=20240214130621"},"modified":"2024-02-14T13:06:21","modified_gmt":"2024-02-14T12:06:21","slug":"salud-causas-y-abordaje-del-dolor-muscular-y-articular-en-funcion-de-la-edad","status":"publish","type":"post","link":"https:\/\/webciudadana.net\/?p=50151","title":{"rendered":"Salud: Causas y abordaje del dolor muscular y articular en funci\u00f3n de la edad"},"content":{"rendered":"\n<div><img decoding=\"async\" src=\"\/wp-content\/uploads\/sites\/2\/2024\/02\/salud-causas-y-abordaje-del-dolor-muscular-y-articular-en-funcion-de-la-edad.jpg\" class=\"ff-og-image-inserted\"><\/div>\n<p>(Informaci\u00f3n remitida por la empresa firmante)<\/p>\n<p>\nEl tipo de dolor muscular y articular, as\u00ed como su abordaje, var\u00eda con la edad. Las personas j\u00f3venes lo padecen de manera ocasional y presentan una gran capacidad de recuperaci\u00f3n. Los adultos tienen dolor de espalda de manera recurrente y les preocupa su evoluci\u00f3n futura. Las personas mayores entienden el dolor muscular y articular -a menudo cr\u00f3nico_ como una batalla a largo plazo. El fisioterapeuta Pablo de la Serna explica c\u00f3mo el dolor afecta a las personas en funci\u00f3n de su etapa vital<\/p>\n<p>\nBarcelona, 14 de febrero de 2024.-*\u00bbPor mucho que nos cuidemos, llevemos una vida sana y tengamos unos h\u00e1bitos saludables, nuestra actividad diaria afecta a nuestra espalda y a las articulaciones\u00bb, explica Pablo de la Serna, colaborador de Angelini Pharma. Adem\u00e1s, \u00abel dolor incapacita y afecta no solo f\u00edsicamente, sino tambi\u00e9n mental y emocionalmente, y acaba por influir en nuestras relaciones sociales y en la calidad de vida\u00bb a\u00f1ade.<\/p>\n<p> Pero, \u00bftodas las personas sufren el mismo tipo de dolor? \u00bfLo afrontan del mismo modo? \u00abExiste un componente personal, f\u00edsico y subjetivo a la vez, que nos hace &#8216;sentir&#8217; la intensidad del dolor de forma distinta\u00bb, afirma el fisioterapeuta. Y a\u00f1ade que \u00abest\u00e1 claro que cada persona maneja esta situaci\u00f3n seg\u00fan su experiencia, capacidad y estilo de vida\u00bb. Aun as\u00ed, De la Serna aclara que, en el caso de personas que no presentan ninguna patolog\u00eda espec\u00edfica previa, \u00abexisten unas causas y actitudes comunes ante el dolor en funci\u00f3n de la edad\u00bb.<\/p>\n<p> Distintas edades, diferentes causas y actitudes ante el dolor<\/p>\n<p>\n*Para las personas j\u00f3venes, la aparici\u00f3n del dolor musculoesquel\u00e9tico y articular suele ser una \u00absorpresa desagradable\u00bb, ya que no se espera que aparezca hasta, por lo menos, a partir de los 30 a\u00f1os. \u00abEn estos casos, el dolor se atribuye generalmente a factores externos, como el estr\u00e9s postural, el movimiento repetitivo o los excesos al hacer ejercicio o cargar peso a menudo\u00bb, explica el fisioterapeuta. Este dolor provoca que algunos j\u00f3venes se sientan contrariados con su propio cuerpo. Sin embargo, dado que estos problemas son en su mayor\u00eda ocasionales, muestran una gran capacidad de recuperaci\u00f3n y esperanzas de resolver los problemas de ra\u00edz.<\/p>\n<p> \u00abEn el caso de las personas adultas, el sufrimiento f\u00edsico y a menudo recurrente que provoca el dolor de espalda y articular es mayor\u00bb, afirma de la Serna. Generalmente, tambi\u00e9n a causa de sus responsabilidades profesionales y familiares, experimentan un impacto m\u00e1s multidimensional del dolor en sus vidas y a menudo muestran preocupaci\u00f3n por la evoluci\u00f3n futura de su condici\u00f3n, as\u00ed como una fuerte necesidad de tranquilidad, equilibrio emocional y relajaci\u00f3n.<\/p>\n<p> \u00abLa complejidad aumenta en el caso de las personas mayores, que suelen mostrar arrepentimiento e incluso culpa por actividades f\u00edsicas incorrectas o extremas realizadas durante a\u00f1os\u00bb, seg\u00fan Pablo de la Serna. Para este grupo de edad, \u00abmanejar el dolor musculoesquel\u00e9tico y articular _en muchos casos cr\u00f3nico_ se convierte en una batalla a largo plazo, donde la prevenci\u00f3n cobra un papel fundamental en su estilo de vida: buscan el apoyo de la fisioterapia y realizan cambios en la dieta para mantener el peso bajo control con el fin de mejorar la calidad de vida y aliviar la intensidad del dolor a largo plazo\u00bb. Su objetivo principal es mantener el dolor a niveles soportables y evitar que se agrave.<\/p>\n<p> Para Pablo de la Serna, \u00abla terapia de calor es m\u00e1s que recomendable en todos los casos, especialmente en personas reacias a tomar medicaci\u00f3n o como complemento a esta\u00bb. Los efectos del uso de parches de calor \u00absobre las v\u00e9rtebras cervicales, lumbares, dorsales o en las mu\u00f1ecas son m\u00faltiples: aumentan el flujo sangu\u00edneo y alivian el dolor, a la vez que ayudan a la relajaci\u00f3n de los m\u00fasculos\u00bb. Por todo ello, la aplicaci\u00f3n de calor del dolor \u00abmejora de forma muy satisfactoria la calidad de vida de las personas y tiene un impacto tanto f\u00edsico como emocional y social\u00bb, concluye el experto.<\/p>\n<p> En lo que se refiere a la articulaci\u00f3n de rodilla, \u00abla aplicaci\u00f3n de calor puede ser beneficiosa para el dolor provocado por un esfuerzo excesivo, esguinces y torceduras, artritis y tensi\u00f3n muscular\u00bb. En este caso, el uso de parches de calor \u00abse aconseja una vez superada la fase aguda o traum\u00e1tica y de que haya desaparecido la inflamaci\u00f3n, y son una gran soluci\u00f3n para un alivio efectivo, espec\u00edfico y prolongado del dolor_ya sea este agudo, cr\u00f3nico u ocasional_, a la vez que relajan los m\u00fasculos y reducen la rigidez\u00bb. Adem\u00e1s, la terapia de calor es un complemento importante de la terapia de rehabilitaci\u00f3n ambulatoria, ya que reduce el dolor y acelera la recuperaci\u00f3n.<\/p>\n<p> Referencia: Ipsos. Making ThermaCare A NEW SUCCESSFUL STORY &#8211; Qual Report<\/p>\n<p>\nAngelini Pharma<\/p>\n<p>\n*Angelini Pharma se compromete en dar esperanza a los pacientes de una manera constante y con un enfoque hacia la salud mental, incluido el dolor, las enfermedades raras y la salud del consumidor. Angelini Pharma es una \u00abempresa integrada\u00bb con amplios y reconocidos programas de I + D, plantas de producci\u00f3n \u00abWorld Class\u00bb y actividades de comercializaci\u00f3n internacional de ingredientes activos y medicamentos l\u00edderes en el mercado. Para m\u00e1s informaci\u00f3n, visitar*www.angelinipharma.com.<\/p>\n<p> Angelini Pharma Espa\u00f1a es una compa\u00f1\u00eda farmac\u00e9utica centenaria con m\u00e1s de 40 a\u00f1os de implantaci\u00f3n en Espa\u00f1a y una mentalidad joven y din\u00e1mica. *Les mueve la pasi\u00f3n por su paciente, y por ello tienen el compromiso de evolucionar e innovar constantemente para mejorar su calidad de vida. Crecen conjuntamente con sus*partners, basando su colaboraci\u00f3n en lo que les define: integridad, coraje y pasi\u00f3n.<\/p>\n<p> Se puede encontrar m\u00e1s informaci\u00f3n sobre Angelini Pharma Espa\u00f1a en www.angelinipharma.es.<\/p>\n<p> Emisor: Angelini Pharma<\/p>\n<p>\nContacto<\/p>\n<p>\nNombre contacto: M\u00edriam Riera<\/p>\n<p>\nDescripci\u00f3n contacto: Efectiva Comunicaci\u00f3. Press office Thermacare (Angelini Pharma Espa\u00f1a)<\/p>\n<p>\nTel\u00e9fono de contacto: 695179803<\/p>\n","protected":false},"excerpt":{"rendered":"<p>(Informaci\u00f3n remitida por la empresa firmante) El tipo de dolor muscular y articular, as\u00ed como su abordaje, var\u00eda con la edad. Las personas j\u00f3venes lo padecen de manera ocasional y presentan una gran capacidad de recuperaci\u00f3n. Los adultos tienen dolor de espalda de manera recurrente y les preocupa su evoluci\u00f3n futura. Las personas mayores entienden [&hellip;]<\/p>\n","protected":false},"author":1,"featured_media":0,"comment_status":"closed","ping_status":"closed","sticky":false,"template":"","format":"standard","meta":{"footnotes":""},"categories":[],"tags":[],"class_list":["post-50151","post","type-post","status-publish","format-standard","hentry"],"_links":{"self":[{"href":"https:\/\/webciudadana.net\/index.php?rest_route=\/wp\/v2\/posts\/50151","targetHints":{"allow":["GET"]}}],"collection":[{"href":"https:\/\/webciudadana.net\/index.php?rest_route=\/wp\/v2\/posts"}],"about":[{"href":"https:\/\/webciudadana.net\/index.php?rest_route=\/wp\/v2\/types\/post"}],"author":[{"embeddable":true,"href":"https:\/\/webciudadana.net\/index.php?rest_route=\/wp\/v2\/users\/1"}],"replies":[{"embeddable":true,"href":"https:\/\/webciudadana.net\/index.php?rest_route=%2Fwp%2Fv2%2Fcomments&post=50151"}],"version-history":[{"count":0,"href":"https:\/\/webciudadana.net\/index.php?rest_route=\/wp\/v2\/posts\/50151\/revisions"}],"wp:attachment":[{"href":"https:\/\/webciudadana.net\/index.php?rest_route=%2Fwp%2Fv2%2Fmedia&parent=50151"}],"wp:term":[{"taxonomy":"category","embeddable":true,"href":"https:\/\/webciudadana.net\/index.php?rest_route=%2Fwp%2Fv2%2Fcategories&post=50151"},{"taxonomy":"post_tag","embeddable":true,"href":"https:\/\/webciudadana.net\/index.php?rest_route=%2Fwp%2Fv2%2Ftags&post=50151"}],"curies":[{"name":"wp","href":"https:\/\/api.w.org\/{rel}","templated":true}]}}