{"id":50168,"date":"2024-02-14T16:40:29","date_gmt":"2024-02-14T15:40:29","guid":{"rendered":"https:\/\/ticker-noticiasep.microcontenidos.com\/NoticiaRSS.vbhtml?user=XRNR562DLR&amp;cod=20240214164029"},"modified":"2024-02-14T16:40:29","modified_gmt":"2024-02-14T15:40:29","slug":"comunicado-el-faro-dedica-el-carnaval-a-las-categorias-infantiles-con-comparsas-y-un-concurso-de-disfraces","status":"publish","type":"post","link":"https:\/\/webciudadana.net\/?p=50168","title":{"rendered":"Comunicado.- El Faro dedica el Carnaval a las categor\u00edas infantiles con comparsas y un concurso de disfraces"},"content":{"rendered":"\n<div><img decoding=\"async\" src=\"\/wp-content\/uploads\/sites\/2\/2024\/02\/comunicado-el-faro-dedica-el-carnaval-a-las-categorias-infantiles-con-comparsas-y-un-concurso-de-disfraces.jpg\" class=\"ff-og-image-inserted\"><\/div>\n<p> BADAJOZ, 14 (EUROPA PRESS)<\/p>\n<p> El Faro, en Badajoz, se convertir\u00e1 en escenario y plataforma del Carnaval infantil, a trav\u00e9s de actuaciones de comparsas infantiles y concurso de disfraces que dar\u00e1n color al recinto para fomentar esta fiesta entre los m\u00e1s peque\u00f1os. De esta forma, en la tarde de este viernes el centro comercial acoger\u00e1 las actuaciones de las comparsas infantiles &#8216;La Bullanguera&#8217;, &#8216;Umsuka Imbali&#8217; y &#8216;La Movida&#8217;.<\/p>\n<p> Un d\u00eda antes, este jueves, de 17,00 a 21,00 horas, dar\u00e1 comienzo el primer concurso infantil de disfraces en donde los m\u00e1s peque\u00f1os podr\u00e1n participar con su mejor disfraz y ganar una tarjeta viaje de Viajes El Corte Ingl\u00e9s El Faro valorada en 800 euros. Este concurso se prolongar\u00e1 al viernes, tambi\u00e9n de 17,00 a 21,00 horas, y al s\u00e1bado, de 11,00 a 15,00 y de 17,00 a 21,00 horas.<\/p>\n<p> El objetivo no es otro que \u00abdar protagonismo a los peque\u00f1os pacenses, incidiendo en la importancia de vivir el Carnaval desde edades tempranas para dar perpetuidad a una fiesta declarada Bien de Inter\u00e9s Tur\u00edstico Internacional\u00bb, ha indicado el gerente del centro comercial, Paulo Belchior.<\/p>\n<p> Asimismo, El Faro tambi\u00e9n ha puesto en marcha el II Concurso de gorros de comparsa a fin de compartir y mostrar al visitante las \u00abaut\u00e9nticas obras de arte\u00bb con las que desfilan las comparsas por las calles de Badajoz. El concurso estar\u00e1 activo hasta final de mes y el ganador se desprender\u00e1 de la votaci\u00f3n popular que se realizar\u00e1 a trav\u00e9s de la app El Faro Club, en la que todos los visitantes podr\u00e1n participar.<\/p>\n<p> \u00abComo actor socioecon\u00f3mico de referencia en la zona, tenemos la obligaci\u00f3n de difundir, proteger y mimar las ra\u00edces culturales de la provincia\u00bb, ha incidido Belchior, qui\u00e9n ha aclarado que, por ello, \u00abdesde El Faro abrazamos siempre al Carnaval de Badajoz, a trav\u00e9s de actividades tem\u00e1ticas destinadas al disfrute de j\u00f3venes y adultos\u00bb.<\/p>\n<p> El Faro, propiedad de Castellana Properties y gestionado por Cushman &amp; Wakefield, como motor econ\u00f3mico y social de la regi\u00f3n, desarrolla a lo largo del a\u00f1o distintas acciones sociales, ambientales y culturales a fin de colaborar en la mejora y enriquecimiento de su entorno m\u00e1s inmediato. La realizaci\u00f3n en sus instalaciones de estas iniciativas forma parte de su responsabilidad que persigue la continua involucraci\u00f3n en la vida de los pacenses. <\/p>\n","protected":false},"excerpt":{"rendered":"<p>BADAJOZ, 14 (EUROPA PRESS) El Faro, en Badajoz, se convertir\u00e1 en escenario y plataforma del Carnaval infantil, a trav\u00e9s de actuaciones de comparsas infantiles y concurso de disfraces que dar\u00e1n color al recinto para fomentar esta fiesta entre los m\u00e1s peque\u00f1os. De esta forma, en la tarde de este viernes el centro comercial acoger\u00e1 las [&hellip;]<\/p>\n","protected":false},"author":1,"featured_media":0,"comment_status":"closed","ping_status":"closed","sticky":false,"template":"","format":"standard","meta":{"footnotes":""},"categories":[],"tags":[],"class_list":["post-50168","post","type-post","status-publish","format-standard","hentry"],"_links":{"self":[{"href":"https:\/\/webciudadana.net\/index.php?rest_route=\/wp\/v2\/posts\/50168","targetHints":{"allow":["GET"]}}],"collection":[{"href":"https:\/\/webciudadana.net\/index.php?rest_route=\/wp\/v2\/posts"}],"about":[{"href":"https:\/\/webciudadana.net\/index.php?rest_route=\/wp\/v2\/types\/post"}],"author":[{"embeddable":true,"href":"https:\/\/webciudadana.net\/index.php?rest_route=\/wp\/v2\/users\/1"}],"replies":[{"embeddable":true,"href":"https:\/\/webciudadana.net\/index.php?rest_route=%2Fwp%2Fv2%2Fcomments&post=50168"}],"version-history":[{"count":0,"href":"https:\/\/webciudadana.net\/index.php?rest_route=\/wp\/v2\/posts\/50168\/revisions"}],"wp:attachment":[{"href":"https:\/\/webciudadana.net\/index.php?rest_route=%2Fwp%2Fv2%2Fmedia&parent=50168"}],"wp:term":[{"taxonomy":"category","embeddable":true,"href":"https:\/\/webciudadana.net\/index.php?rest_route=%2Fwp%2Fv2%2Fcategories&post=50168"},{"taxonomy":"post_tag","embeddable":true,"href":"https:\/\/webciudadana.net\/index.php?rest_route=%2Fwp%2Fv2%2Ftags&post=50168"}],"curies":[{"name":"wp","href":"https:\/\/api.w.org\/{rel}","templated":true}]}}