{"id":50177,"date":"2024-02-14T19:05:47","date_gmt":"2024-02-14T18:05:47","guid":{"rendered":"https:\/\/ticker-noticiasep.microcontenidos.com\/NoticiaRSS.vbhtml?user=XRNR562DLR&amp;cod=20240214190547"},"modified":"2024-02-14T19:05:47","modified_gmt":"2024-02-14T18:05:47","slug":"mas-de-400-proyectos-optaran-a-ayudas-del-plan-integral-de-impulso-a-la-economia-social-del-ministerio-de-trabajo","status":"publish","type":"post","link":"https:\/\/webciudadana.net\/?p=50177","title":{"rendered":"M\u00e1s de 400 proyectos optar\u00e1n a ayudas del &#8216;Plan Integral de Impulso a la Econom\u00eda Social&#8217; del Ministerio de Trabajo"},"content":{"rendered":"\n<div><img decoding=\"async\" src=\"\/wp-content\/uploads\/sites\/2\/2024\/02\/mas-de-400-proyectos-optaran-a-ayudas-del-plan-integral-de-impulso-a-la-economia-social-del-ministerio-de-trabajo.jpg\" class=\"ff-og-image-inserted\"><\/div>\n<p>El importe de los proyectos supera los 100 millones de euros y m\u00e1s de dos tercios de los solicitantes son pymes<\/p>\n<p> MADRID, 14 (EUROPA PRESS)<\/p>\n<p> La nueva convocatoria del Plan Integral de Impulso de la Econom\u00eda Social lanzada en enero por el Ministerio de Trabajo y Econom\u00eda Social cuenta con la participaci\u00f3n de m\u00e1s de 400 proyectos presentados, por un importe superior a los 100 millones de euros, seg\u00fan informa el departamento de Yolanda D\u00edaz.<\/p>\n<p> El Plan Integral de Impulso de la Econom\u00eda Social, que forma parte del Proyecto Estrat\u00e9gico para la Recuperaci\u00f3n y la Transformaci\u00f3n Econ\u00f3mica (PERTE) de la Econom\u00eda Social y de los Cuidados, cerr\u00f3 la convocatoria el 12 de febrero para proyectos que contribuyesen de forma innovadora a generar e impulsar este modelo econ\u00f3mico, que supone alrededor del 10% del PIB espa\u00f1ol.<\/p>\n<p> \u00abLa enorme demanda de proyectos por parte de las entidades de la econom\u00eda social demuestra que el acierto de impulsar el PERTE de la Econom\u00eda Social y de los Cuidados y el buen momento del sector. Seguiremos impulsando este modelo verde, feminista y democr\u00e1tico\u00bb, ha destacado la ministra de Trabajo y Econom\u00eda Social, Yolanda D\u00edaz.<\/p>\n<p> La convocatoria pon\u00eda 80 millones de euros a disposici\u00f3n de las entidades de la econom\u00eda social, como son cooperativas; mutualidades; sociedades laborales; empresas de inserci\u00f3n; centros especiales de empleo; cofrad\u00edas de pescadores, o sociedades agrarias de transformaci\u00f3n.<\/p>\n<p> El empuje que estas ayudas puede aportar al sector ha llevado a que haya \u00abuna gran diversidad de iniciativas\u00bb cuyo presupuesto total &#8211;con su parte de cofinanciaci\u00f3n&#8211; supera los 200 millones de euros.<\/p>\n<p> Las subvenciones, que constan de un importe m\u00ednimo de 10.000 euros y un m\u00e1ximo de 3,5 millones de euros por proyecto a ejecutarse antes de junio de 2025, con un \u00e1mbito de acci\u00f3n de al menos dos comunidades aut\u00f3nomas, se han dividido en cinco programas: Transforma_ES, Iniciativa_ES, Impulsa_TEC, Alianzas_ES y Sostenibles_ES.<\/p>\n<p> Los m\u00e1s demandados, con m\u00e1s de 100 solicitudes cada uno de ellos, se enmarcan en los programas Sostenible_ES &#8211;para apoyar la mejora de las condiciones medioambientales, sociales y de g\u00e9nero&#8211; e Impulsa_TEC &#8211;para incentivar la digitalizaci\u00f3n de las empresas o entidades.<\/p>\n<p> Les siguen los programas Iniciativa_ES &#8211;para promover el emprendimiento juvenil o la consolidaci\u00f3n de proyectos innovadores&#8211; y Alianzas_ES &#8211;para alentar proyectos en red que ofrezcan nuevos servicios integrales&#8211;, con m\u00e1s 80 solicitudes cada uno. El que menos solicitudes ha recibido es el programa Transforma_ES, centrado en empresas que necesiten relevo generacional o ayuda en la gesti\u00f3n.<\/p>\n<p> Aproximadamente m\u00e1s de dos tercios de las entidades solicitantes son peque\u00f1as y medianas empresas (pymes) por lo que con esta inversi\u00f3n se facilita su crecimiento econ\u00f3mico y se contribuye a su transformaci\u00f3n digital y\/o medioambiental.<\/p>\n<p> \u00abEl elevado inter\u00e9s que han generado estas ayudas son tambi\u00e9n una muestra no solo del dinamismo del sector si no tambi\u00e9n del empuje que est\u00e1n teniendo estas entidades y empresas, capaces de ofrecer soluciones m\u00e1s equitativas y justas a los desaf\u00edos econ\u00f3micos\u00bb, ha a\u00f1adido la vicepresidenta.<\/p>\n<p> En 2023 se concedi\u00f3 esta subvenci\u00f3n a 44 proyectos de entidades de la Econom\u00eda Social por un monto total de 10,2 millones de euros. En concreto, El PERTE de la Econom\u00eda Social y de los Cuidados est\u00e1 dotado con m\u00e1s de 1.700 millones de euros e implica a 10 ministerios.<\/p>\n","protected":false},"excerpt":{"rendered":"<p>El importe de los proyectos supera los 100 millones de euros y m\u00e1s de dos tercios de los solicitantes son pymes MADRID, 14 (EUROPA PRESS) La nueva convocatoria del Plan Integral de Impulso de la Econom\u00eda Social lanzada en enero por el Ministerio de Trabajo y Econom\u00eda Social cuenta con la participaci\u00f3n de m\u00e1s de [&hellip;]<\/p>\n","protected":false},"author":1,"featured_media":0,"comment_status":"closed","ping_status":"closed","sticky":false,"template":"","format":"standard","meta":{"footnotes":""},"categories":[],"tags":[],"class_list":["post-50177","post","type-post","status-publish","format-standard","hentry"],"_links":{"self":[{"href":"https:\/\/webciudadana.net\/index.php?rest_route=\/wp\/v2\/posts\/50177","targetHints":{"allow":["GET"]}}],"collection":[{"href":"https:\/\/webciudadana.net\/index.php?rest_route=\/wp\/v2\/posts"}],"about":[{"href":"https:\/\/webciudadana.net\/index.php?rest_route=\/wp\/v2\/types\/post"}],"author":[{"embeddable":true,"href":"https:\/\/webciudadana.net\/index.php?rest_route=\/wp\/v2\/users\/1"}],"replies":[{"embeddable":true,"href":"https:\/\/webciudadana.net\/index.php?rest_route=%2Fwp%2Fv2%2Fcomments&post=50177"}],"version-history":[{"count":0,"href":"https:\/\/webciudadana.net\/index.php?rest_route=\/wp\/v2\/posts\/50177\/revisions"}],"wp:attachment":[{"href":"https:\/\/webciudadana.net\/index.php?rest_route=%2Fwp%2Fv2%2Fmedia&parent=50177"}],"wp:term":[{"taxonomy":"category","embeddable":true,"href":"https:\/\/webciudadana.net\/index.php?rest_route=%2Fwp%2Fv2%2Fcategories&post=50177"},{"taxonomy":"post_tag","embeddable":true,"href":"https:\/\/webciudadana.net\/index.php?rest_route=%2Fwp%2Fv2%2Ftags&post=50177"}],"curies":[{"name":"wp","href":"https:\/\/api.w.org\/{rel}","templated":true}]}}