{"id":50181,"date":"2024-02-15T08:02:47","date_gmt":"2024-02-15T07:02:47","guid":{"rendered":"https:\/\/ticker-noticiasep.microcontenidos.com\/NoticiaRSS.vbhtml?user=XRNR562DLR&amp;cod=20240215080247"},"modified":"2024-02-15T08:02:47","modified_gmt":"2024-02-15T07:02:47","slug":"mundo-el-instituto-de-ia-de-quebec-mila-organiza-una-conferencia-internacional-sobre-ia-y-derechos-humanos","status":"publish","type":"post","link":"https:\/\/webciudadana.net\/?p=50181","title":{"rendered":"Mundo: El Instituto de IA de Quebec Mila organiza una conferencia internacional sobre IA y derechos humanos"},"content":{"rendered":"\n<p>(Informaci\u00f3n remitida por la empresa firmante)<\/p>\n<p>\n&#8212; El Instituto de IA de Quebec Mila organiza una conferencia internacional sobre IA y derechos humanos con las Naciones Unidas, la OCDE, la UNESCO y muchos otros<\/p>\n<p>\nMONTR\u00c9AL, 15 de febrero, 2024 \/PRNewswire\/ &#8212; El Instituto de Inteligencia Artificial de Quebec Mila se enorgullece de acoger una conferencia internacional sobre derechos humanos e inteligencia artificial (IA), que tendr\u00e1 lugar en sus instalaciones de Montreal del 14 al 16 de febrero de 2024. La conferencia \u00abProtecci\u00f3n de los derechos humanos en la era de AI\u00bb tiene como objetivo resaltar y promover los esfuerzos cr\u00edticos necesarios para incorporar los derechos humanos en los mecanismos de gobierno de la IA.<\/p>\n<p> Como parte de este evento, Mila est\u00e1 reuniendo a funcionarios de alto rango de las Naciones Unidas, la OCDE, la UNESCO, IEEE, NIST, Amnist\u00eda Internacional, el Consejo de Europa y muchos otros para participar en debates sobre temas que van desde evaluaciones del impacto en los derechos humanos hasta herramientas y m\u00e9tricas para evaluar el riesgo, y la disponibilidad de mecanismos de reparaci\u00f3n. Esta conferencia es uno de los primeros eventos oficiales en los que estas importantes organizaciones internacionales se re\u00fanen para abordar espec\u00edficamente la intersecci\u00f3n del gobierno de la IA y los derechos humanos.<\/p>\n<p> Los esfuerzos globales de gobierno de la IA se han acelerado considerablemente durante el \u00faltimo a\u00f1o, y la mayor\u00eda de los gobiernos nacionales y organizaciones multilaterales ahora han identificado el gobierno de la IA como una prioridad. Sin embargo, gran parte de los debates sobre el gobierno de la IA y los derechos humanos han evolucionado por separado. Esto ha dejado la intersecci\u00f3n de estas dos \u00e1reas poco explorada y no suficientemente comprendida.<\/p>\n<p> Adem\u00e1s de los paneles de discusi\u00f3n con l\u00edderes de las comunidades acad\u00e9mica, de la sociedad civil y de formuladores de pol\u00edticas, las sesiones de grupos de trabajo convocar\u00e1n a partes interesadas clave para deliberar sobre cuestiones cr\u00edticas relacionadas con las evaluaciones de impacto en los derechos humanos, sentando las bases para la formulaci\u00f3n de recomendaciones concretas que ayudar\u00e1n a dar forma al futuro del gobierno internacional de la IA.<\/p>\n<p> El programa completo y la lista de ponentes confirmados est\u00e1n disponibles aqu\u00ed.<\/p>\n<p> Citas<\/p>\n<p> \u00abMila se enorgullece de reunir a expertos de renombre de organizaciones internacionales, la sociedad civil, la industria y el mundo acad\u00e9mico para debatir cuestiones relacionadas con los derechos humanos y la IA. Esta tecnolog\u00eda est\u00e1 teniendo un profundo impacto en nuestras sociedades y existe una necesidad urgente de abordar estas cuestiones colectivamente para ofrecer recomendaciones concretas para un gobierno internacional inclusivo y responsable de la IA\u00bb. \u2013 BenjaminPrud&#8217;homme, vicepresidente de Pol\u00edtica, Sociedad y Asuntos Globales, Mila.<\/p>\n<p> \u00abEsta conversaci\u00f3n sobre IA y derechos humanos organizada por Mila es muy oportuna, ya que este a\u00f1o tenemos una oportunidad \u00fanica en la Cumbre del Futuro de las Naciones Unidas para dar forma a nuestro futuro digital. Debemos asegurarnos de que el poder de la IA se aproveche para el bien global y los riesgos se abordan a trav\u00e9s de una gobierno basado en normas internacionales, incluidos los derechos humanos universales\u00bb. \u2013 Amandeep Singh Gill,secretario general adjunto y enviado t\u00e9cnico, Naciones Unidas.<\/p>\n<p> \u00abEl di\u00e1logo de Mila es particularmente oportuno dadas todas las iniciativas pol\u00edticas decisivas que dar\u00e1n frutos en 2024. Los derechos humanos, el bienestar y la inclusi\u00f3n son desaf\u00edos cr\u00edticos para nuestro futuro colectivo con la IA. Los formuladores de pol\u00edticas y todos los actores en la cadena de valor de la IA deben trabajar juntos para proporcionar los pilares de soluciones \u00e1giles y efectivas para garantizar una IA fiable y beneficiosa. Debemos mantener y profundizar el aprendizaje mutuo, el di\u00e1logo y la confianza entre los tecn\u00f3logos y todos los grupos de partes interesadas\u00bb. \u2013 Karine Perset, directora del Observatorio de Pol\u00edticas y Red de Expertos de la OCDE.AI.<\/p>\n<p>\nAcerca de Mila<\/p>\n<p>\nFundado por el profesor Yoshua Bengio de la Universidad de Montreal, Mila es un instituto de investigaci\u00f3n en inteligencia artificial que re\u00fane actualmente a m\u00e1s de 1.200 investigadores especializados en aprendizaje autom\u00e1tico. Con sede en Montreal, la misi\u00f3n de Mila es ser un centro global para avances cient\u00edficos que inspiren la innovaci\u00f3n y el crecimiento de la IA en beneficio de todos. Mila es una organizaci\u00f3n sin fines de lucro reconocida mundialmente por sus importantes contribuciones al aprendizaje profundo, especialmente en los campos del modelado de lenguaje, traducci\u00f3n autom\u00e1tica, reconocimiento de objetos y modelos generativos. Para obtener m\u00e1s informaci\u00f3n, visite mila.quebec<\/p>\n<p>\nContacto de medios: Eric Aach, eaach@national.ca, (514) 569-3594<\/p>\n<p> View original content:https:\/\/www.prnewswire.com\/news-releases\/el-instituto-de-ia-de-quebec-mila-organiza-una-conferencia-internacional-sobre-ia-y-derechos-humanos-302062722.html<\/p>\n","protected":false},"excerpt":{"rendered":"<p>(Informaci\u00f3n remitida por la empresa firmante) &#8212; El Instituto de IA de Quebec Mila organiza una conferencia internacional sobre IA y derechos humanos con las Naciones Unidas, la OCDE, la UNESCO y muchos otros MONTR\u00c9AL, 15 de febrero, 2024 \/PRNewswire\/ &#8212; El Instituto de Inteligencia Artificial de Quebec Mila se enorgullece de acoger una conferencia [&hellip;]<\/p>\n","protected":false},"author":1,"featured_media":0,"comment_status":"closed","ping_status":"closed","sticky":false,"template":"","format":"standard","meta":{"footnotes":""},"categories":[],"tags":[],"class_list":["post-50181","post","type-post","status-publish","format-standard","hentry"],"_links":{"self":[{"href":"https:\/\/webciudadana.net\/index.php?rest_route=\/wp\/v2\/posts\/50181","targetHints":{"allow":["GET"]}}],"collection":[{"href":"https:\/\/webciudadana.net\/index.php?rest_route=\/wp\/v2\/posts"}],"about":[{"href":"https:\/\/webciudadana.net\/index.php?rest_route=\/wp\/v2\/types\/post"}],"author":[{"embeddable":true,"href":"https:\/\/webciudadana.net\/index.php?rest_route=\/wp\/v2\/users\/1"}],"replies":[{"embeddable":true,"href":"https:\/\/webciudadana.net\/index.php?rest_route=%2Fwp%2Fv2%2Fcomments&post=50181"}],"version-history":[{"count":0,"href":"https:\/\/webciudadana.net\/index.php?rest_route=\/wp\/v2\/posts\/50181\/revisions"}],"wp:attachment":[{"href":"https:\/\/webciudadana.net\/index.php?rest_route=%2Fwp%2Fv2%2Fmedia&parent=50181"}],"wp:term":[{"taxonomy":"category","embeddable":true,"href":"https:\/\/webciudadana.net\/index.php?rest_route=%2Fwp%2Fv2%2Fcategories&post=50181"},{"taxonomy":"post_tag","embeddable":true,"href":"https:\/\/webciudadana.net\/index.php?rest_route=%2Fwp%2Fv2%2Ftags&post=50181"}],"curies":[{"name":"wp","href":"https:\/\/api.w.org\/{rel}","templated":true}]}}