{"id":50197,"date":"2024-02-15T13:13:49","date_gmt":"2024-02-15T12:13:49","guid":{"rendered":"https:\/\/ticker-noticiasep.microcontenidos.com\/NoticiaRSS.vbhtml?user=XRNR562DLR&amp;cod=20240215131349"},"modified":"2024-02-15T13:13:49","modified_gmt":"2024-02-15T12:13:49","slug":"el-programa-incorpora-de-fundacion-la-caixa-facilito-mas-de-42-000-empleos-a-vulnerables-en-2023","status":"publish","type":"post","link":"https:\/\/webciudadana.net\/?p=50197","title":{"rendered":"El programa &#8216;Incorpora&#8217; de Fundaci\u00f3n La Caixa facilit\u00f3 m\u00e1s de 42.000 empleos a vulnerables en 2023"},"content":{"rendered":"\n<div><img decoding=\"async\" src=\"\/wp-content\/uploads\/sites\/2\/2024\/02\/el-programa-incorpora-de-fundacion-la-caixa-facilito-mas-de-42-000-empleos-a-vulnerables-en-2023.jpg\" class=\"ff-og-image-inserted\"><\/div>\n<p>Un 54% de inserciones son de mujeres, incluidas 1.288 v\u00edctimas de violencia de g\u00e9nero<\/p>\n<p> BARCELONA, 14 (EUROPA PRESS)<\/p>\n<p> El programa &#8216;Incorpora&#8217; de la Fundaci\u00f3n La Caixa facilit\u00f3 42.130 empleos a personas en situaci\u00f3n de vulnerabilidad en 2023, el 54% de los cuales son para mujeres, incluidas 1.288 v\u00edctimas de violencia de g\u00e9nero.<\/p>\n<p> Los m\u00e1s de 42.000 puestos de trabajo son \u00abla cifra anual m\u00e1s alta\u00bb del Programa desde su creaci\u00f3n (2006) y ha contado con la colaboraci\u00f3n de unas 500 entidades sociales colaboradoras y 16.417 empresas, informa este mi\u00e9rcoles en un comunicado.<\/p>\n<p> El subdirector general de Fundaci\u00f3n La Caixa, Marc Sim\u00f3n, ha celebrado este \u00abcompromiso compartido\u00bb para promover la igualdad de oportunidades contratando a colectivos con barreras para encontrar trabajo.<\/p>\n<p>\nVARIOS COLECTIVOS Y 5 PA\u00cdSES<\/p>\n<p> Eso implica fomentar la igualdad de g\u00e9nero (la tasa de paro femenino fue del 13,36% el \u00faltimo trimestre, m\u00e1s de 3 puntos por encima del masculino seg\u00fan el INE): 22.947 de los contratos de Incorpora fueron para mujeres (54%), conseguidos con itinerarios personalizados que combinan formaci\u00f3n competencial y talleres de autoestima.<\/p>\n<p> Tambi\u00e9n se ha contratado a personas con discapacidad f\u00edsica, intelectual o sensorial; migrantes; j\u00f3venes; mayores de 45 a\u00f1os; j\u00f3venes procedentes del sistema de protecci\u00f3n de menores, y personas con problemas de adicciones, entre otras.<\/p>\n<p> A la vez, el programa Reincorpora ha insertado a 2.478 personas privadas y exprivadas de libertad; el programa Salud Mental, a 2.942 personas con problemas de salud mental; y la l\u00ednea Autoempleo ha ayudado a crear negocios y microempresas a 1.529 personas en riesgo de exclusi\u00f3n.<\/p>\n<p> La gran mayor\u00eda de contratos se han suscrito en Espa\u00f1a (38.404), pero tambi\u00e9n en Portugal (1.764), Marruecos (881), Hungr\u00eda (563) y Polonia (518).<\/p>\n<p>\nDESDE 2006<\/p>\n<p> El programa surgi\u00f3 en 2006 y desde entonces ha facilitado empleo a 447.284 vulnerables, en colaboraci\u00f3n con 91.339 empresas de sectores diversos, como hosteler\u00eda, comercio, limpieza, atenci\u00f3n sociosanitaria, transporte y almacenamiento.<\/p>\n<p> La Fundaci\u00f3n tambi\u00e9n ha destacado la atenci\u00f3n personalizada y seguimiento de 1.200 t\u00e9cnicos de inserci\u00f3n laboral, y la contribuci\u00f3n de unas 500 entidades sociales, con las que la Fundaci\u00f3n acaba de renovar sus acuerdos de colaboraci\u00f3n por decimoctavo a\u00f1o consecutivo.<\/p>\n<p> Adem\u00e1s, ha subrayado que todos ellos contribuyen a los ODS n\u00famero 8 (&#8216;Trabajo decente y crecimiento econ\u00f3mico&#8217;) y n\u00famero 10 (&#8216;Reducci\u00f3n de las desigualdades&#8217;) de la Agenda 2030 de la ONU.<\/p>\n","protected":false},"excerpt":{"rendered":"<p>Un 54% de inserciones son de mujeres, incluidas 1.288 v\u00edctimas de violencia de g\u00e9nero BARCELONA, 14 (EUROPA PRESS) El programa &#8216;Incorpora&#8217; de la Fundaci\u00f3n La Caixa facilit\u00f3 42.130 empleos a personas en situaci\u00f3n de vulnerabilidad en 2023, el 54% de los cuales son para mujeres, incluidas 1.288 v\u00edctimas de violencia de g\u00e9nero. Los m\u00e1s de [&hellip;]<\/p>\n","protected":false},"author":1,"featured_media":0,"comment_status":"closed","ping_status":"closed","sticky":false,"template":"","format":"standard","meta":{"footnotes":""},"categories":[],"tags":[],"class_list":["post-50197","post","type-post","status-publish","format-standard","hentry"],"_links":{"self":[{"href":"https:\/\/webciudadana.net\/index.php?rest_route=\/wp\/v2\/posts\/50197","targetHints":{"allow":["GET"]}}],"collection":[{"href":"https:\/\/webciudadana.net\/index.php?rest_route=\/wp\/v2\/posts"}],"about":[{"href":"https:\/\/webciudadana.net\/index.php?rest_route=\/wp\/v2\/types\/post"}],"author":[{"embeddable":true,"href":"https:\/\/webciudadana.net\/index.php?rest_route=\/wp\/v2\/users\/1"}],"replies":[{"embeddable":true,"href":"https:\/\/webciudadana.net\/index.php?rest_route=%2Fwp%2Fv2%2Fcomments&post=50197"}],"version-history":[{"count":0,"href":"https:\/\/webciudadana.net\/index.php?rest_route=\/wp\/v2\/posts\/50197\/revisions"}],"wp:attachment":[{"href":"https:\/\/webciudadana.net\/index.php?rest_route=%2Fwp%2Fv2%2Fmedia&parent=50197"}],"wp:term":[{"taxonomy":"category","embeddable":true,"href":"https:\/\/webciudadana.net\/index.php?rest_route=%2Fwp%2Fv2%2Fcategories&post=50197"},{"taxonomy":"post_tag","embeddable":true,"href":"https:\/\/webciudadana.net\/index.php?rest_route=%2Fwp%2Fv2%2Ftags&post=50197"}],"curies":[{"name":"wp","href":"https:\/\/api.w.org\/{rel}","templated":true}]}}