{"id":50715,"date":"2024-03-01T09:10:40","date_gmt":"2024-03-01T08:10:40","guid":{"rendered":"https:\/\/ticker-noticiasep.microcontenidos.com\/NoticiaRSS.vbhtml?user=XRNR562DLR&amp;cod=20240301091040"},"modified":"2024-03-01T09:10:40","modified_gmt":"2024-03-01T08:10:40","slug":"vaillant-y-wwf-juntos-por-la-transicion-energetica","status":"publish","type":"post","link":"https:\/\/webciudadana.net\/?p=50715","title":{"rendered":"Vaillant y WWF, juntos por la transici\u00f3n energ\u00e9tica"},"content":{"rendered":"\n<div><img decoding=\"async\" src=\"\/wp-content\/uploads\/sites\/2\/2024\/03\/vaillant-y-wwf-juntos-por-la-transicion-energetica.jpg\" class=\"ff-og-image-inserted\"><\/div>\n<p>(Informaci\u00f3n remitida por la empresa firmante)<\/p>\n<p>\nAmbas empresas han firmado un acuerdo de colaboraci\u00f3n a nivel internacional por tres a\u00f1os en varios pa\u00edses europeos<\/p>\n<p>\nEspa\u00f1a, 1 de marzo de 2024.- WWF, organizaci\u00f3n internacional independiente dedicada a la defensa de la naturaleza y el medio ambiente, y Vaillant, empresa premium l\u00edder del sector de la climatizaci\u00f3n, han firmado un acuerdo de colaboraci\u00f3n internacional, que comenz\u00f3 en 2023 en Alemania y durante los \u00faltimos meses se ha extendido a otros cinco pa\u00edses europeos, entre ellos, Espa\u00f1a.<\/p>\n<p> Entre los objetivos de esta colaboraci\u00f3n, que se extender\u00e1 al menos durante tres a\u00f1os, destaca el de impulsar con \u00e9xito la transici\u00f3n energ\u00e9tica, poniendo de relieve en el debate sobre energ\u00eda y clima la importancia de los sistemas de climatizaci\u00f3n respetuosos con el medio ambiente.<\/p>\n<p> Por transici\u00f3n en el sector de la climatizaci\u00f3n se entiende el cambio a sistemas de climatizaci\u00f3n respetuosos con el medio ambiente que ayuden a promover la descarbonizaci\u00f3n. A trav\u00e9s de esta iniciativa, WWF y Vaillant quieren concienciar a los consumidores sobre el papel clave que las bombas de calor juegan en este sentido, ya que se trata de una tecnolog\u00eda que facilita la sustituci\u00f3n de combustibles f\u00f3siles en la climatizaci\u00f3n y, promover con ellas en Espa\u00f1a la transici\u00f3n a sistemas de climatizaci\u00f3n m\u00e1s eficientes y sostenibles.<\/p>\n<p> Esta colaboraci\u00f3n entre ambas compa\u00f1\u00edas permitir\u00e1 que se contin\u00fae desarrollando la estrategia de sostenibilidad SEEDS, que Vaillant puso en marcha en el a\u00f1o 2011. SEEDS constituye uno de los programas de sostenibilidad m\u00e1s completos y concretos del sector y refleja a la perfecci\u00f3n la importancia y seriedad con la que Vaillant se toma su responsabilidad con el medio ambiente, sus empleados y la sociedad.<\/p>\n<p> Toda la informaci\u00f3n sobre esta colaboraci\u00f3n puede consultarse en una p\u00e1gina especial que la marca alemana ha dise\u00f1ado con motivo de este acuerdo de colaboraci\u00f3n http:\/\/vaillant.es\/wwf<\/p>\n<p>\nContacto<\/p>\n<p>\nNombre contacto: Mar\u00eda Rodr\u00edguez<\/p>\n<p>\nDescripci\u00f3n contacto: Comunicaci\u00f3n Vaillant Group<\/p>\n<p>\nTel\u00e9fono de contacto: 648036397<\/p>\n","protected":false},"excerpt":{"rendered":"<p>(Informaci\u00f3n remitida por la empresa firmante) Ambas empresas han firmado un acuerdo de colaboraci\u00f3n a nivel internacional por tres a\u00f1os en varios pa\u00edses europeos Espa\u00f1a, 1 de marzo de 2024.- WWF, organizaci\u00f3n internacional independiente dedicada a la defensa de la naturaleza y el medio ambiente, y Vaillant, empresa premium l\u00edder del sector de la climatizaci\u00f3n, [&hellip;]<\/p>\n","protected":false},"author":1,"featured_media":0,"comment_status":"closed","ping_status":"closed","sticky":false,"template":"","format":"standard","meta":{"footnotes":""},"categories":[],"tags":[],"class_list":["post-50715","post","type-post","status-publish","format-standard","hentry"],"_links":{"self":[{"href":"https:\/\/webciudadana.net\/index.php?rest_route=\/wp\/v2\/posts\/50715","targetHints":{"allow":["GET"]}}],"collection":[{"href":"https:\/\/webciudadana.net\/index.php?rest_route=\/wp\/v2\/posts"}],"about":[{"href":"https:\/\/webciudadana.net\/index.php?rest_route=\/wp\/v2\/types\/post"}],"author":[{"embeddable":true,"href":"https:\/\/webciudadana.net\/index.php?rest_route=\/wp\/v2\/users\/1"}],"replies":[{"embeddable":true,"href":"https:\/\/webciudadana.net\/index.php?rest_route=%2Fwp%2Fv2%2Fcomments&post=50715"}],"version-history":[{"count":0,"href":"https:\/\/webciudadana.net\/index.php?rest_route=\/wp\/v2\/posts\/50715\/revisions"}],"wp:attachment":[{"href":"https:\/\/webciudadana.net\/index.php?rest_route=%2Fwp%2Fv2%2Fmedia&parent=50715"}],"wp:term":[{"taxonomy":"category","embeddable":true,"href":"https:\/\/webciudadana.net\/index.php?rest_route=%2Fwp%2Fv2%2Fcategories&post=50715"},{"taxonomy":"post_tag","embeddable":true,"href":"https:\/\/webciudadana.net\/index.php?rest_route=%2Fwp%2Fv2%2Ftags&post=50715"}],"curies":[{"name":"wp","href":"https:\/\/api.w.org\/{rel}","templated":true}]}}