{"id":50728,"date":"2024-03-01T12:25:52","date_gmt":"2024-03-01T11:25:52","guid":{"rendered":"https:\/\/ticker-noticiasep.microcontenidos.com\/NoticiaRSS.vbhtml?user=XRNR562DLR&amp;cod=20240301122552"},"modified":"2024-03-01T12:25:52","modified_gmt":"2024-03-01T11:25:52","slug":"el-40-de-la-poblacion-nunca-se-ha-hecho-una-revision-auditiva-segun-los-expertos","status":"publish","type":"post","link":"https:\/\/webciudadana.net\/?p=50728","title":{"rendered":"El 40% de la poblaci\u00f3n nunca se ha hecho una revisi\u00f3n auditiva, seg\u00fan los expertos"},"content":{"rendered":"\n<div><img decoding=\"async\" src=\"\/wp-content\/uploads\/sites\/2\/2024\/03\/el-40-de-la-poblacion-nunca-se-ha-hecho-una-revision-auditiva-segun-los-expertos.jpg\" class=\"ff-og-image-inserted\"><\/div>\n<p>(Informaci\u00f3n remitida por la empresa firmante)<\/p>\n<p>\nUn estudio de Aural Centros Auditivos revela que el 85% de la poblaci\u00f3n considera que la p\u00e9rdida auditiva puede ser un problema para su salud<\/p>\n<p>\nBarcelona, 1 de marzo de 2024.- La falta de atenci\u00f3n a la salud auditiva puede tener un impacto significativo en la calidad de vida de las personas, afectando su capacidad de comunicaci\u00f3n, relaciones sociales y salud mental. Cada vez m\u00e1s personas est\u00e1n experimentando p\u00e9rdida auditiva a edades m\u00e1s tempranas, lo que resalta la importancia de tomar medidas preventivas, ya que la exposici\u00f3n prolongada al ruido puede desencadenar problemas auditivos. *<\/p>\n<p>\nSeg\u00fan el estudio \u00abSonidos de Espa\u00f1a y salud auditiva\u00bb realizado recientemente por Aural Centros Auditivos, a trav\u00e9s de la plataforma Ipsos Digital, el 40% de la poblaci\u00f3n entre 35 y 65 a\u00f1os nunca se ha hecho una revisi\u00f3n auditiva. Adem\u00e1s, el 85% de encuestados considera que la p\u00e9rdida auditiva puede ser un problema para su salud. Sin embargo, el 7% de los espa\u00f1oles confiesa que usar un aud\u00edfono le dar\u00eda verg\u00fcenza, ya que implicar\u00eda visibilizar que tiene un problema de audici\u00f3n.<\/p>\n<p> Coincidiendo con el D\u00eda Mundial de la Audici\u00f3n, Aural Centros Auditivos, como compa\u00f1\u00eda pionera en audiolog\u00eda en Espa\u00f1a, presenta de la mano de sus expertos audioprotesistas el \u00abDec\u00e1logo definitivo sobre salud auditiva\u00bb, enmarcado en su compromiso con la concienciaci\u00f3n social sobre la p\u00e9rdida auditiva. En palabras de Juan Ignacio Mart\u00ednez, director general de Aural: \u00abUna persona que no oye bien y no corrige su p\u00e9rdida auditiva tiende a aislarse de su entorno, lo que puede causar estr\u00e9s y depresi\u00f3n e incluso puede acelerar el deterioro cognitivo. Sin embargo, una persona con p\u00e9rdida auditiva con una correcta adaptaci\u00f3n audioprot\u00e9sica puede seguir disfrutando de su vida plenamente. Por eso es tan importante visibilizar la p\u00e9rdida auditiva y normalizar el uso de aud\u00edfonos\u00bb.<\/p>\n<p> Jaume Forner, audioprotesista y gerente de Formaci\u00f3n de Aural Centros Auditivos, define la p\u00e9rdida auditiva como un &#8216;trastorno silencioso&#8217;. Es parad\u00f3jico, explica, que a pesar de la*disposici\u00f3n a abordar cualquier dolencia que afecte la calidad de vida y buscar el bienestar en todo lo que se*hace,*muchas personas optan por ignorar la p\u00e9rdida auditiva. Se deja*pasar los primeros s\u00edntomas, hasta que ya se tienen evidentes dificultades sociales y comunicativas. Por ello, es fundamental la atenci\u00f3n temprana y las revisiones peri\u00f3dicas, para evitar repercusiones negativas en la*vida diaria.<\/p>\n<p> El dec\u00e1logo definitivo sobre*salud auditiva<\/p>\n<p>\n1. Controlar el volumen de los auriculares: Hoy en d\u00eda, los j\u00f3venes se encuentran expuestos a largos periodos de tiempo con auriculares. Es crucial dejar descansar los o\u00eddos y evitar la exposici\u00f3n prolongada a vol\u00famenes altos para proteger la audici\u00f3n de posibles da\u00f1os y deterioros.<\/p>\n<p> 2. La p\u00e9rdida auditiva tambi\u00e9n es cosa de j\u00f3venes: Aunque se asocie com\u00fanmente la p\u00e9rdida auditiva con la vejez, y que esta sea una de las causas m\u00e1s frecuentes de sordera, esta condici\u00f3n afecta a personas de todas las edades y cada vez m\u00e1s temprano. Es importante estar alerta a los signos y s\u00edntomas en cualquier etapa de la vida.<\/p>\n<p> 3. La desconexi\u00f3n social puede advertir de los s\u00edntomas de la hipoacusia: La dificultad para participar en conversaciones en grupo y la sensaci\u00f3n de aislamiento pueden indicar la necesidad de una evaluaci\u00f3n auditiva. Si alguien disfruta*menos de las relaciones sociales porque no oye*bien en espacios ruidosos, necesita*que se repitan las frases y se a\u00edslan*para no molestar, puede ser que est\u00e9n en hipervigilancia a causa de la p\u00e9rdida auditiva.<\/p>\n<p> 4. Romper el estigma: Superar el estigma asociado con los problemas auditivos es fundamental para abordarlos de manera efectiva. Es clave no permitir que el temor al juicio social o la percepci\u00f3n de la p\u00e9rdida auditiva como un problema exclusivo de la vejez impida*buscar soluciones.<\/p>\n<p> 5. Intervenci\u00f3n temprana: Abordar cualquier p\u00e9rdida auditiva a tiempo es esencial para preservar la salud f\u00edsica y emocional. O\u00edr bien conecta con la vida, con las emociones que aportan las relaciones sociales y el entorno y eso genera una satisfacci\u00f3n vital. Es importante poner soluci\u00f3n a la p\u00e9rdida auditiva para que esa carencia no implique un deterioro en la salud f\u00edsica y emocional de las personas.<\/p>\n<p> 6. Observar y actuar: Mantenerse*atento a los signos de p\u00e9rdida auditiva de los seres queridos y amigos. Si se notan dificultades en su capacidad para seguir conversaciones o entender instrucciones, ofrecer apoyo*en buscar ayuda profesional es fundamental.<\/p>\n<p> 7. Alargar la esperanza de vida gracias al uso de aud\u00edfonos: La esperanza de vida de las personas con sordera que usan el aparato con asiduidad es un 25% mayor, seg\u00fan el estudio realizado por Janet Choi, otorrinolaring\u00f3loga del Instituto Keck de Medicina de la Universidad del Sur de California. Este descubrimiento resalta la importancia vital de la intervenci\u00f3n temprana y el uso adecuado de dispositivos auditivos para vivir m\u00e1s mejorar la calidad de vida.<\/p>\n<p> 8. Revisiones auditivas regulares: Programar revisiones auditivas peri\u00f3dicas con profesionales de la salud auditiva para detectar cualquier cambio en la audici\u00f3n y abordarlo a tiempo.<\/p>\n<p> 9. Protecci\u00f3n contra el ruido: Crear entornos silenciosos y reducir*la exposici\u00f3n al ruido excesivo en la vida diaria. El ruido prolongado puede contribuir a la p\u00e9rdida auditiva, por lo que es importante proteger los o\u00eddos en todo momento.<\/p>\n<p> 10. Higiene auditiva \u00f3ptima: Mantener*una adecuada higiene auditiva para prevenir infecciones y otros problemas que puedan afectar la audici\u00f3n. Limpiar los o\u00eddos de manera suave y evitar introducir objetos extra\u00f1os en el canal auditivo.<\/p>\n<p> Contacto<\/p>\n<p>\nNombre contacto: Marina Rodr\u00edguez<\/p>\n<p>\nDescripci\u00f3n contacto: HAVAS PR<\/p>\n<p>\nTel\u00e9fono de contacto: 93 306 89 00<\/p>\n","protected":false},"excerpt":{"rendered":"<p>(Informaci\u00f3n remitida por la empresa firmante) Un estudio de Aural Centros Auditivos revela que el 85% de la poblaci\u00f3n considera que la p\u00e9rdida auditiva puede ser un problema para su salud Barcelona, 1 de marzo de 2024.- La falta de atenci\u00f3n a la salud auditiva puede tener un impacto significativo en la calidad de vida [&hellip;]<\/p>\n","protected":false},"author":1,"featured_media":0,"comment_status":"closed","ping_status":"closed","sticky":false,"template":"","format":"standard","meta":{"footnotes":""},"categories":[],"tags":[],"class_list":["post-50728","post","type-post","status-publish","format-standard","hentry"],"_links":{"self":[{"href":"https:\/\/webciudadana.net\/index.php?rest_route=\/wp\/v2\/posts\/50728","targetHints":{"allow":["GET"]}}],"collection":[{"href":"https:\/\/webciudadana.net\/index.php?rest_route=\/wp\/v2\/posts"}],"about":[{"href":"https:\/\/webciudadana.net\/index.php?rest_route=\/wp\/v2\/types\/post"}],"author":[{"embeddable":true,"href":"https:\/\/webciudadana.net\/index.php?rest_route=\/wp\/v2\/users\/1"}],"replies":[{"embeddable":true,"href":"https:\/\/webciudadana.net\/index.php?rest_route=%2Fwp%2Fv2%2Fcomments&post=50728"}],"version-history":[{"count":0,"href":"https:\/\/webciudadana.net\/index.php?rest_route=\/wp\/v2\/posts\/50728\/revisions"}],"wp:attachment":[{"href":"https:\/\/webciudadana.net\/index.php?rest_route=%2Fwp%2Fv2%2Fmedia&parent=50728"}],"wp:term":[{"taxonomy":"category","embeddable":true,"href":"https:\/\/webciudadana.net\/index.php?rest_route=%2Fwp%2Fv2%2Fcategories&post=50728"},{"taxonomy":"post_tag","embeddable":true,"href":"https:\/\/webciudadana.net\/index.php?rest_route=%2Fwp%2Fv2%2Ftags&post=50728"}],"curies":[{"name":"wp","href":"https:\/\/api.w.org\/{rel}","templated":true}]}}