{"id":50733,"date":"2024-03-01T13:13:51","date_gmt":"2024-03-01T12:13:51","guid":{"rendered":"https:\/\/ticker-noticiasep.microcontenidos.com\/NoticiaRSS.vbhtml?user=XRNR562DLR&amp;cod=20240301131351"},"modified":"2024-03-01T13:13:51","modified_gmt":"2024-03-01T12:13:51","slug":"carlos-jean-montserrat-buisan-y-jaime-gutierrez-colomer-se-unen-al-comite-de-la-musica-del-reciclaje-de-ecoembes","status":"publish","type":"post","link":"https:\/\/webciudadana.net\/?p=50733","title":{"rendered":"Carlos Jean, Montserrat Buis\u00e1n y Jaime Guti\u00e9rrez-Colomer se unen al Comit\u00e9 de &#8216;La M\u00fasica del Reciclaje&#8217; de Ecoembes"},"content":{"rendered":"\n<div><img decoding=\"async\" src=\"\/wp-content\/uploads\/sites\/2\/2024\/03\/carlos-jean-montserrat-buisan-y-jaime-gutierrez-colomer-se-unen-al-comite-de-la-musica-del-reciclaje-de-ecoembes.jpg\" class=\"ff-og-image-inserted\"><\/div>\n<p> MADRID, 1 (EUROPA PRESS)<\/p>\n<p> El Comit\u00e9 Protector de &#8216;La M\u00fasica del Reciclaje&#8217;, el proyecto social impulsado por Ecoembes, ha integrado a tres nuevos miembros: el m\u00fasico, productor y DJ, Carlos Jean; la directora corporativa de Programas Sociales de Fundaci\u00f3n &#8216;la Caixa&#8217; Montserrat Buis\u00e1n, y el director general de Gesti\u00f3n y Transformaci\u00f3n de Atresmedia, Jaime Guti\u00e9rrez-Colomer, quienes apoyar\u00e1n y sumar\u00e1n su experiencia a esta iniciativa dirigida a menores procedentes de entornos vulnerables.<\/p>\n<p> Este comit\u00e9, presidido por la Reina Sofia a trav\u00e9s de la Fundaci\u00f3n Reina Sofia, vela por \u00absalvaguardar, orientar e impulsar\u00bb todas las actividades necesarias para garantizar el m\u00e1ximo aprovechamiento del proyecto, cuyo fin es, seg\u00fan sus impulsores, \u00abofrecer a ni\u00f1os y ni\u00f1as que enfrentan situaciones dif\u00edciles un futuro a trav\u00e9s de la m\u00fasica, la educaci\u00f3n en valores y el reciclaje\u00bb.<\/p>\n<p> Como nuevo miembro del comit\u00e9, Jean ha destacado el impacto social de esta iniciativa \u00abque va m\u00e1s all\u00e1 de la formaci\u00f3n musical, pues ense\u00f1a otros valores como el trabajo en equipo, la constancia, el compromiso, el respeto a lo diferente\u00bb. \u00abPara m\u00ed, es un privilegio unirme al Comit\u00e9 Protector de este proyecto que es un canto a la vida\u00bb, ha destacado. El m\u00fasico espa\u00f1ol colecciona siete nominaciones a los premios Grammy y ha sido galardonado con un Premio Ondas a mejor Creador Musical y DJ.<\/p>\n<p> Por su parte, Buis\u00e1n ha querido mostrar su compromiso con un proyecto \u00abtan necesario que ofrece una segunda oportunidad a trav\u00e9s del arte y la educaci\u00f3n en valores a menores que no tienen una vida f\u00e1cil, pero que han decidido seguir adelante y hacer m\u00fasica con instrumentos reciclados\u00bb. En concreto, Buis\u00e1n contribuye desde hace a\u00f1os a la \u00abconstrucci\u00f3n de una sociedad m\u00e1s justa\u00bb como directora corporativa de Programas Sociales de Fundaci\u00f3n &#8216;la Caixa&#8217;.<\/p>\n<p> Asimismo, Guti\u00e9rrez-Colomer ha manifestado su entusiasmo por formar parte de esta iniciativa \u00abque combina la labor social y resiliencia humana con el poder transformador de la m\u00fasica, convirtiendo lo desechado en melod\u00edas hermosas\u00bb. Con cerca de 30 a\u00f1os de experiencia en la industria medi\u00e1tica, Guti\u00e9rrez-Colomer es licenciado en Ciencias Econ\u00f3micas y Empresariales por el Colegio Universitario de Estudios Financieros (CUNEF-Universidad Complutense de Madrid), en la especialidad de Auditoria.<\/p>\n<p> &#8216;La M\u00fasica del Reciclaje&#8217; de Ecoembes surgi\u00f3 en 2014 con el objetivo de ofrecer formaci\u00f3n musical y pedag\u00f3gica a ni\u00f1os procedentes de entornos vulnerables, \u00abd\u00e1ndoles una segunda oportunidad a trav\u00e9s del arte, la educaci\u00f3n y el reciclaje\u00bb, seg\u00fan la organizaci\u00f3n medioambiental.<\/p>\n<p> As\u00ed, estos j\u00f3venes tienen la ocasi\u00f3n de integrarse en una orquesta \u00abprofesional y \u00fanica\u00bb, ya que, como ha a\u00f1adido Ecoembes, est\u00e1 formada por instrumentos reciclados elaborados a partir de latas, sumideros o caja de galletas, entre otros. Con este proyecto, se busca concienciar a los m\u00e1s j\u00f3venes de la importancia del cuidado del medioambiente, a la vez que conseguir que encuentren en la m\u00fasica \u00abuna manera de salir adelante a pesar de las barreras que les puso la vida\u00bb.<\/p>\n<p> La formaci\u00f3n musical, que este a\u00f1o celebra su d\u00e9cimo aniversario, est\u00e1 integrado por 140 ni\u00f1os y cuenta con m\u00e1s de 80 instrumentos reciclados. Actualmente, est\u00e1 presente en diferentes centros de Madrid y, recientemente, se ha implementado en ciudades como Valencia y Granada.<\/p>\n","protected":false},"excerpt":{"rendered":"<p>MADRID, 1 (EUROPA PRESS) El Comit\u00e9 Protector de &#8216;La M\u00fasica del Reciclaje&#8217;, el proyecto social impulsado por Ecoembes, ha integrado a tres nuevos miembros: el m\u00fasico, productor y DJ, Carlos Jean; la directora corporativa de Programas Sociales de Fundaci\u00f3n &#8216;la Caixa&#8217; Montserrat Buis\u00e1n, y el director general de Gesti\u00f3n y Transformaci\u00f3n de Atresmedia, Jaime Guti\u00e9rrez-Colomer, [&hellip;]<\/p>\n","protected":false},"author":1,"featured_media":0,"comment_status":"closed","ping_status":"closed","sticky":false,"template":"","format":"standard","meta":{"footnotes":""},"categories":[],"tags":[],"class_list":["post-50733","post","type-post","status-publish","format-standard","hentry"],"_links":{"self":[{"href":"https:\/\/webciudadana.net\/index.php?rest_route=\/wp\/v2\/posts\/50733","targetHints":{"allow":["GET"]}}],"collection":[{"href":"https:\/\/webciudadana.net\/index.php?rest_route=\/wp\/v2\/posts"}],"about":[{"href":"https:\/\/webciudadana.net\/index.php?rest_route=\/wp\/v2\/types\/post"}],"author":[{"embeddable":true,"href":"https:\/\/webciudadana.net\/index.php?rest_route=\/wp\/v2\/users\/1"}],"replies":[{"embeddable":true,"href":"https:\/\/webciudadana.net\/index.php?rest_route=%2Fwp%2Fv2%2Fcomments&post=50733"}],"version-history":[{"count":0,"href":"https:\/\/webciudadana.net\/index.php?rest_route=\/wp\/v2\/posts\/50733\/revisions"}],"wp:attachment":[{"href":"https:\/\/webciudadana.net\/index.php?rest_route=%2Fwp%2Fv2%2Fmedia&parent=50733"}],"wp:term":[{"taxonomy":"category","embeddable":true,"href":"https:\/\/webciudadana.net\/index.php?rest_route=%2Fwp%2Fv2%2Fcategories&post=50733"},{"taxonomy":"post_tag","embeddable":true,"href":"https:\/\/webciudadana.net\/index.php?rest_route=%2Fwp%2Fv2%2Ftags&post=50733"}],"curies":[{"name":"wp","href":"https:\/\/api.w.org\/{rel}","templated":true}]}}