{"id":50737,"date":"2024-03-01T15:11:45","date_gmt":"2024-03-01T14:11:45","guid":{"rendered":"https:\/\/ticker-noticiasep.microcontenidos.com\/NoticiaRSS.vbhtml?user=XRNR562DLR&amp;cod=20240301151145"},"modified":"2024-03-01T15:11:45","modified_gmt":"2024-03-01T14:11:45","slug":"el-rey-entrega-las-becas-de-formacion-de-iberdrola-para-el-desarrollo-del-empleo-verde","status":"publish","type":"post","link":"https:\/\/webciudadana.net\/?p=50737","title":{"rendered":"El Rey entrega las Becas de formaci\u00f3n de Iberdrola para el desarrollo del &#8216;empleo verde&#8217;"},"content":{"rendered":"\n<div><img decoding=\"async\" src=\"\/wp-content\/uploads\/sites\/2\/2024\/03\/el-rey-entrega-las-becas-de-formacion-de-iberdrola-para-el-desarrollo-del-empleo-verde.jpg\" class=\"ff-og-image-inserted\"><\/div>\n<p> MADRID, 1 (EUROPA PRESS)<\/p>\n<p> El Rey Felipe VI, acompa\u00f1ado del presidente de Iberdrola, Ignacio Gal\u00e1n, ha participado en una jornada de apoyo al talento joven y la excelencia, en cuyo transcurso ha entregado las Becas correspondientes a distintos programas formativos impulsados por Iberdrola y su Fundaci\u00f3n en Espa\u00f1a para 2023-2024.<\/p>\n<p> Durante el evento, Gal\u00e1n ha tenido palabras de agradecimiento al monarca por presidir un acto con el \u00abcada a\u00f1o\u00bb cerca de 1.300 j\u00f3venes se suman al \u00abesfuerzo\u00bb de la compa\u00f1\u00eda \u00abpor transformar el sector energ\u00e9tico, generar m\u00e1s industria y empleo de calidad\u00bb. \u00abQueremos invitar a las nuevas generaciones a que lideren ese cambio a mejor y el modelo de Iberdrola puede ayudar a lograrlo\u00bb, ha reclamado.<\/p>\n<p> En el acto, hombres y mujeres de diferentes campos han intervenido para compartir sus experiencias gracias al impulso de la compa\u00f1\u00eda con las becas M\u00e1ster y a trav\u00e9s del Programa Impulsa, la Escuela de Electricistas o por el acuerdo suscrito entre la el\u00e9ctrica y UNICEF, entre otros.<\/p>\n<p> Posteriormente, los beneficiarios han recogido de la mano del Rey el diploma que acredita la concesi\u00f3n de las diferentes ayudas creadas por Iberdrola con el objetivo de promover el talento e impulsar la excelencia en la formaci\u00f3n de las nuevas generaciones.<\/p>\n<p> En este sentido, destaca el Programa Internacional de Becas M\u00e1ster de Iberdrola que, con la actual convocatoria para Espa\u00f1a (9 becas); Reino Unido (14 becas), Brasil y M\u00e9xico, ayudar\u00e1 a los j\u00f3venes a impulsar su carrera profesional gracias a esta l\u00ednea de ayudas econ\u00f3micas y completar\u00e1n su formaci\u00f3n de postgrado en universidades de prestigio con salidas profesionales de futuro.<\/p>\n<p> Mientras, el Programa de investigaci\u00f3n postdoctoral &#8216;Energy for Future&#8217; (11 becas) beneficia a investigadores postdoctorales durante los cinco a\u00f1os que desarrollar\u00e1n sus trabajos sobre tecnolog\u00edas asociadas a la transici\u00f3n energ\u00e9tica (energ\u00eda fotovoltaica y e\u00f3lica, veh\u00edculo el\u00e9ctrico, almacenamiento de energ\u00eda y redes inteligentes) en colaboraci\u00f3n con universidades en Espa\u00f1a, Reino Unido, Alemania, Francia, Estados Unidos y M\u00e9xico.<\/p>\n<p> En cuanto a las Becas de la Comisi\u00f3n Fulbright (2 becas), consiste en una l\u00ednea de becas postgrado en Estados Unidos en campos relacionados con las actividades de Iberdrola con la energ\u00eda, medioambiente y la tecnolog\u00eda; mientras que las Becas de Formaci\u00f3n e Investigaci\u00f3n en Restauraci\u00f3n con el Museo de Bellas Artes de Bilbao y El Prado (5 becas) se destinan a j\u00f3venes restauradores en estas pinacotecas.<\/p>\n<p> Respecto a las Becas otorgadas en colaboraci\u00f3n con la Fundaci\u00f3n Carolina (10 becas) consisten en un programa de becas de postgrado en Universidades de Espa\u00f1a para la ampliaci\u00f3n de estudios de licenciados universitarios procedentes de Hispanoam\u00e9rica en tem\u00e1ticas relacionadas con la energ\u00eda y el cambio clim\u00e1tico.<\/p>\n<p> El Rey ha entregado tambi\u00e9n diplomas para las Becas fomento STEM (5 becas) para desarrollar a j\u00f3venes graduados o profesionales con el objetivo de que puedan tener un impacto positivo en estudiantes procedentes de entornos socioecon\u00f3micamente vulnerables; el programa de Becas ICAI (10 becas), dirigido a financiar estudios universitarios relacionados con el sector de la energ\u00eda a estudiantes con escasos recursos econ\u00f3micos; y las Becas desarrolladas junto al Comit\u00e9 Paral\u00edmpico Espa\u00f1ol (13 becas), para facilitar la capacitaci\u00f3n profesional de deportistas de cara a su integraci\u00f3n laboral, una vez finaliza su carrera en el deporte.<\/p>\n<p> Por otro lado, se han ofertado 468 plazas en las tres convocatorias del Programa Internacional de Graduados (2021-2023) de Iberdrola y se han entregado diplomas a 14 representantes del colectivo de graduados de la edici\u00f3n 2022.<\/p>\n<p> Asimismo, la compa\u00f1\u00eda ha incorporado en 2023 a 1.011 j\u00f3venes en pr\u00e1cticas que han podido dar sus primeros pasos profesionales en la empresa y desarrollar nuevas habilidades y capacidades para futuro laboral. En este sentido, la compa\u00f1\u00eda se\u00f1ala que son m\u00e1s de 30.000 los j\u00f3venes que se han incorporado a Iberdrola en la \u00faltima d\u00e9cada, alguno de los cuales gracias a una beca.<\/p>\n<p> Adem\u00e1s de los j\u00f3venes beneficiarios de las becas, el acto ha contado con la participaci\u00f3n de la escritora Espido Freire y la astronauta espa\u00f1ola, Sara Garc\u00eda Alonso. Al acto han asistido el ministro del Interior, Fernando Grande-Marlaska; el embajador del Reino Unido de la Gran Breta\u00f1a e Irlanda del Norte en Espa\u00f1a, Hugh Elliot; el embajador de la Rep\u00fablica Federativa de Brasil en Espa\u00f1a, Orlando Leite, as\u00ed como miembros del Consejo de Administraci\u00f3n y directivos de Iberdrola, entre otros.<\/p>\n","protected":false},"excerpt":{"rendered":"<p>MADRID, 1 (EUROPA PRESS) El Rey Felipe VI, acompa\u00f1ado del presidente de Iberdrola, Ignacio Gal\u00e1n, ha participado en una jornada de apoyo al talento joven y la excelencia, en cuyo transcurso ha entregado las Becas correspondientes a distintos programas formativos impulsados por Iberdrola y su Fundaci\u00f3n en Espa\u00f1a para 2023-2024. Durante el evento, Gal\u00e1n ha [&hellip;]<\/p>\n","protected":false},"author":1,"featured_media":0,"comment_status":"closed","ping_status":"closed","sticky":false,"template":"","format":"standard","meta":{"footnotes":""},"categories":[],"tags":[],"class_list":["post-50737","post","type-post","status-publish","format-standard","hentry"],"_links":{"self":[{"href":"https:\/\/webciudadana.net\/index.php?rest_route=\/wp\/v2\/posts\/50737","targetHints":{"allow":["GET"]}}],"collection":[{"href":"https:\/\/webciudadana.net\/index.php?rest_route=\/wp\/v2\/posts"}],"about":[{"href":"https:\/\/webciudadana.net\/index.php?rest_route=\/wp\/v2\/types\/post"}],"author":[{"embeddable":true,"href":"https:\/\/webciudadana.net\/index.php?rest_route=\/wp\/v2\/users\/1"}],"replies":[{"embeddable":true,"href":"https:\/\/webciudadana.net\/index.php?rest_route=%2Fwp%2Fv2%2Fcomments&post=50737"}],"version-history":[{"count":0,"href":"https:\/\/webciudadana.net\/index.php?rest_route=\/wp\/v2\/posts\/50737\/revisions"}],"wp:attachment":[{"href":"https:\/\/webciudadana.net\/index.php?rest_route=%2Fwp%2Fv2%2Fmedia&parent=50737"}],"wp:term":[{"taxonomy":"category","embeddable":true,"href":"https:\/\/webciudadana.net\/index.php?rest_route=%2Fwp%2Fv2%2Fcategories&post=50737"},{"taxonomy":"post_tag","embeddable":true,"href":"https:\/\/webciudadana.net\/index.php?rest_route=%2Fwp%2Fv2%2Ftags&post=50737"}],"curies":[{"name":"wp","href":"https:\/\/api.w.org\/{rel}","templated":true}]}}