{"id":50743,"date":"2024-03-01T16:26:48","date_gmt":"2024-03-01T15:26:48","guid":{"rendered":"https:\/\/ticker-noticiasep.microcontenidos.com\/NoticiaRSS.vbhtml?user=XRNR562DLR&amp;cod=20240301162648"},"modified":"2024-03-01T16:26:48","modified_gmt":"2024-03-01T15:26:48","slug":"la-campana-del-dia-internacional-de-la-cero-discriminacion-de-fundacion-diversidad-alcanza-a-13-millones-de-personas","status":"publish","type":"post","link":"https:\/\/webciudadana.net\/?p=50743","title":{"rendered":"La campa\u00f1a del D\u00eda Internacional de la Cero Discriminaci\u00f3n de Fundaci\u00f3n Diversidad alcanza a 1,3 millones de personas"},"content":{"rendered":"\n<div><img decoding=\"async\" src=\"\/wp-content\/uploads\/sites\/2\/2024\/03\/la-campana-del-dia-internacional-de-la-cero-discriminacion-de-fundacion-diversidad-alcanza-a-13-millones-de-personas.jpg\" class=\"ff-og-image-inserted\"><\/div>\n<p> MADRID, 1 (EUROPA PRESS)<\/p>\n<p> La campa\u00f1a del D\u00eda de la Cero Discriminaci\u00f3n, promovida por Fundaci\u00f3n Diversidad en el marco de su XV aniversario, y que ha contado con el apoyo del Ministerio de Asuntos Exteriores, ha conseguido impactar a 1,3 millones de seguidores en redes sociales, seg\u00fan han dado a conocer desde la instituci\u00f3n.<\/p>\n<p> La iniciativa digital, a la que se han sumado m\u00e1s de 35 organizaciones, ha tenido m\u00e1s de 800.000 impresiones potenciales en redes sociales (LinkedIn, X, Meta e Instagram) gracias a las interacciones y menciones de empresas e instituciones bajo el hashtag #Discriminaci\u00f3n00.<\/p>\n<p> El D\u00eda Internacional de la Cero Discriminaci\u00f3n se celebra cada a\u00f1o el 1 de marzo para promover la igualdad de derechos y oportunidades para todas las personas, sin importar su origen \u00e9tnico, nacionalidad, religi\u00f3n, sexo, g\u00e9nero, orientaci\u00f3n sexual, identidad o expresi\u00f3n de g\u00e9nero, edad, discapacidad o cualquier otra condici\u00f3n individual, social o cultural.<\/p>\n<p> Esta celebraci\u00f3n fue establecida por la Organizaci\u00f3n de las Naciones Unidas (ONU) en 2013 y busca crear conciencia sobre los efectos perjudiciales de la discriminaci\u00f3n en todas sus formas, y promover la inclusi\u00f3n y el respeto por la diversidad.<\/p>\n","protected":false},"excerpt":{"rendered":"<p>MADRID, 1 (EUROPA PRESS) La campa\u00f1a del D\u00eda de la Cero Discriminaci\u00f3n, promovida por Fundaci\u00f3n Diversidad en el marco de su XV aniversario, y que ha contado con el apoyo del Ministerio de Asuntos Exteriores, ha conseguido impactar a 1,3 millones de seguidores en redes sociales, seg\u00fan han dado a conocer desde la instituci\u00f3n. La [&hellip;]<\/p>\n","protected":false},"author":1,"featured_media":0,"comment_status":"closed","ping_status":"closed","sticky":false,"template":"","format":"standard","meta":{"footnotes":""},"categories":[],"tags":[],"class_list":["post-50743","post","type-post","status-publish","format-standard","hentry"],"_links":{"self":[{"href":"https:\/\/webciudadana.net\/index.php?rest_route=\/wp\/v2\/posts\/50743","targetHints":{"allow":["GET"]}}],"collection":[{"href":"https:\/\/webciudadana.net\/index.php?rest_route=\/wp\/v2\/posts"}],"about":[{"href":"https:\/\/webciudadana.net\/index.php?rest_route=\/wp\/v2\/types\/post"}],"author":[{"embeddable":true,"href":"https:\/\/webciudadana.net\/index.php?rest_route=\/wp\/v2\/users\/1"}],"replies":[{"embeddable":true,"href":"https:\/\/webciudadana.net\/index.php?rest_route=%2Fwp%2Fv2%2Fcomments&post=50743"}],"version-history":[{"count":0,"href":"https:\/\/webciudadana.net\/index.php?rest_route=\/wp\/v2\/posts\/50743\/revisions"}],"wp:attachment":[{"href":"https:\/\/webciudadana.net\/index.php?rest_route=%2Fwp%2Fv2%2Fmedia&parent=50743"}],"wp:term":[{"taxonomy":"category","embeddable":true,"href":"https:\/\/webciudadana.net\/index.php?rest_route=%2Fwp%2Fv2%2Fcategories&post=50743"},{"taxonomy":"post_tag","embeddable":true,"href":"https:\/\/webciudadana.net\/index.php?rest_route=%2Fwp%2Fv2%2Ftags&post=50743"}],"curies":[{"name":"wp","href":"https:\/\/api.w.org\/{rel}","templated":true}]}}