{"id":50746,"date":"2024-03-01T18:40:46","date_gmt":"2024-03-01T17:40:46","guid":{"rendered":"https:\/\/ticker-noticiasep.microcontenidos.com\/NoticiaRSS.vbhtml?user=XRNR562DLR&amp;cod=20240301184046"},"modified":"2024-03-01T18:40:46","modified_gmt":"2024-03-01T17:40:46","slug":"hefame-reconocida-por-la-huertecica-por-ayudar-a-la-insercion-laboral-de-personas-vulnerables","status":"publish","type":"post","link":"https:\/\/webciudadana.net\/?p=50746","title":{"rendered":"Hefame, reconocida por La Huertecica por ayudar a la inserci\u00f3n laboral de personas vulnerables"},"content":{"rendered":"\n<div><img decoding=\"async\" src=\"\/wp-content\/uploads\/sites\/2\/2024\/03\/hefame-reconocida-por-la-huertecica-por-ayudar-a-la-insercion-laboral-de-personas-vulnerables.jpg\" class=\"ff-og-image-inserted\"><\/div>\n<p> MURCIA, 1 (EUROPA PRESS)<\/p>\n<p> Hefame ha sido reconocida por &#8216;La Huertecica&#8217; por su colaboraci\u00f3n en la inserci\u00f3n de personas con dificultades de empleabilidad, a trav\u00e9s de programas de formaci\u00f3n que les capacitan para trabajar en almacenes de distribuci\u00f3n farmac\u00e9utica y que se desarrollan en las instalaciones de la cooperativa en Cartagena.<\/p>\n<p> El acto se ha desarrollado durante la entrega de diplomas a los usuarios que han finalizado su formaci\u00f3n en &#8216;La Huertecica&#8217;, y que ya est\u00e1n preparados para su incorporaci\u00f3n al mundo laboral. La colaboraci\u00f3n entre ambas entidades est\u00e1 permitiendo que los usuarios adquieran nociones de log\u00edstica y experimenten un acercamiento a las labores propias de un almac\u00e9n robotizado, en un entorno laboral real, al tiempo que aprenden las tareas b\u00e1sicas del puesto y reciben ayuda para mejorar sus habilidades sociales de cara al empleo.<\/p>\n<p> La directora de recursos humanos, Pilar Ballcels, ha recogido el reconocimiento y ha manifestado que \u00abesta colaboraci\u00f3n responde al inter\u00e9s de la cooperativa y, especialmente, de su presidente, Enrique Ayuso, por favorecer el desarrollo de habilidades profesionales y la igualdad de oportunidades. Acciones de RSC como \u00e9sta son nuestra forma de devolver a la sociedad un poco de lo que nos ha dado\u00bb.<\/p>\n<p> &#8216;La Huertecica&#8217; tiene sus instalaciones en Cartagena, donde oferta cursos de formaci\u00f3n a personas con dificultades para encontrar trabajo desde hace m\u00e1s de cuarenta a\u00f1os, y actualmente est\u00e1 homologado para impartir m\u00e1s de una veintena de especialidades formativas en un centro de m\u00e1s de 30.000 m2. El objetivo de la organizaci\u00f3n es rehabilitar a personas con problemas de adiciones para su reinserci\u00f3n en el entorno social y productivo.<\/p>\n","protected":false},"excerpt":{"rendered":"<p>MURCIA, 1 (EUROPA PRESS) Hefame ha sido reconocida por &#8216;La Huertecica&#8217; por su colaboraci\u00f3n en la inserci\u00f3n de personas con dificultades de empleabilidad, a trav\u00e9s de programas de formaci\u00f3n que les capacitan para trabajar en almacenes de distribuci\u00f3n farmac\u00e9utica y que se desarrollan en las instalaciones de la cooperativa en Cartagena. El acto se ha [&hellip;]<\/p>\n","protected":false},"author":1,"featured_media":0,"comment_status":"closed","ping_status":"closed","sticky":false,"template":"","format":"standard","meta":{"footnotes":""},"categories":[],"tags":[],"class_list":["post-50746","post","type-post","status-publish","format-standard","hentry"],"_links":{"self":[{"href":"https:\/\/webciudadana.net\/index.php?rest_route=\/wp\/v2\/posts\/50746","targetHints":{"allow":["GET"]}}],"collection":[{"href":"https:\/\/webciudadana.net\/index.php?rest_route=\/wp\/v2\/posts"}],"about":[{"href":"https:\/\/webciudadana.net\/index.php?rest_route=\/wp\/v2\/types\/post"}],"author":[{"embeddable":true,"href":"https:\/\/webciudadana.net\/index.php?rest_route=\/wp\/v2\/users\/1"}],"replies":[{"embeddable":true,"href":"https:\/\/webciudadana.net\/index.php?rest_route=%2Fwp%2Fv2%2Fcomments&post=50746"}],"version-history":[{"count":0,"href":"https:\/\/webciudadana.net\/index.php?rest_route=\/wp\/v2\/posts\/50746\/revisions"}],"wp:attachment":[{"href":"https:\/\/webciudadana.net\/index.php?rest_route=%2Fwp%2Fv2%2Fmedia&parent=50746"}],"wp:term":[{"taxonomy":"category","embeddable":true,"href":"https:\/\/webciudadana.net\/index.php?rest_route=%2Fwp%2Fv2%2Fcategories&post=50746"},{"taxonomy":"post_tag","embeddable":true,"href":"https:\/\/webciudadana.net\/index.php?rest_route=%2Fwp%2Fv2%2Ftags&post=50746"}],"curies":[{"name":"wp","href":"https:\/\/api.w.org\/{rel}","templated":true}]}}