{"id":50756,"date":"2024-03-04T10:53:50","date_gmt":"2024-03-04T09:53:50","guid":{"rendered":"https:\/\/ticker-noticiasep.microcontenidos.com\/NoticiaRSS.vbhtml?user=XRNR562DLR&amp;cod=20240304105350"},"modified":"2024-03-04T10:53:50","modified_gmt":"2024-03-04T09:53:50","slug":"la-abogacia-de-malaga-incorpora-nueva-seccion-sobre-medio-ambiente-sostenibilidad-y-responsabilidad-social-corporativa","status":"publish","type":"post","link":"https:\/\/webciudadana.net\/?p=50756","title":{"rendered":"La Abogac\u00eda de M\u00e1laga incorpora nueva secci\u00f3n sobre medio ambiente, sostenibilidad y responsabilidad social corporativa"},"content":{"rendered":"\n<div><img decoding=\"async\" src=\"\/wp-content\/uploads\/sites\/2\/2024\/03\/la-abogacia-de-malaga-incorpora-nueva-seccion-sobre-medio-ambiente-sostenibilidad-y-responsabilidad-social-corporativa.jpg\" class=\"ff-og-image-inserted\"><\/div>\n<p> M\u00c1LAGA, 3 (EUROPA PRESS)<\/p>\n<p> La Abogac\u00eda de M\u00e1laga ha incorporado una nueva secci\u00f3n dentro de su organizaci\u00f3n dedicada a asuntos de medio ambiente, sostenibilidad y responsabilidad social corporativa. Con esta, la instituci\u00f3n colegial ya cuenta con 29 \u00e1reas relativas a las diferentes ramas del derecho.<\/p>\n<p> Concretamente, se trata de la Secci\u00f3n Ambiental, Social y Gobernanza (ASG) cuyo principal objetivo es fomentar el di\u00e1logo constructivo y colaborativo entre colegiados \u00abque enriquezca su pr\u00e1ctica profesional y contribuya al desarrollo de soluciones legales s\u00f3lidas en esta materia que cada vez va adquiriendo mayor peso en la pr\u00e1ctica legal\u00bb.<\/p>\n<p> El acto de presentaci\u00f3n oficial ha tenido lugar este pasado 1 de marzo y ha contado con la asistencia de Flor Carrasco, vicedecana de la Abogac\u00eda de M\u00e1laga, y de Manuel Camas, abogado y decano em\u00e9rito de la corporaci\u00f3n, presidente del despacho Roca Junyent-Gaona, Palacios y Rozados Abogados.<\/p>\n<p> As\u00ed, la vicedecana ha resaltado que esta iniciativa surge de la \u00abcreciente importancia y complejidad de los asuntos relacionados con el medio ambiente, la responsabilidad social corporativa y la gobernanza en el \u00e1mbito legal\u00bb.<\/p>\n<p> Adem\u00e1s, ha subrayado \u00abel compromiso de la Abogac\u00eda de M\u00e1laga con la adaptaci\u00f3n a las demandas de la sociedad\u00bb, as\u00ed como la necesidad de estar preparados \u00abpara enfrentar los nuevos desaf\u00edos legales que surgen en el \u00e1mbito ambiental y de responsabilidad social\u00bb, temas que cada vez est\u00e1n adquiriendo mayor relevancia en la pr\u00e1ctica legal.<\/p>\n<p> Dentro del acto tambi\u00e9n se ha celebrado una charla de Jos\u00e9 Mar\u00eda L\u00f3pez Jim\u00e9nez, doctor en Derecho por la Universidad de M\u00e1laga y profesor asociado de esta instituci\u00f3n en el \u00e1rea de Derecho Civil.<\/p>\n<p> Este especialista ha ofrecido a los asistentes una exposici\u00f3n para defender la tesis de la obra &#8216;Sostenibilidad y Finanzas Sostenibles. Una visi\u00f3n jur\u00eddica&#8217;, de la que es codirector; y ha puesto en valor la necesidad de constituir \u00abesta nueva secci\u00f3n sobre derecho ambiental, un \u00e1rea emergente en la pr\u00e1ctica profesional legal de la actualidad\u00bb. El debate ha sido moderado por Camas, principal impulsor de la secci\u00f3n. <\/p>\n","protected":false},"excerpt":{"rendered":"<p>M\u00c1LAGA, 3 (EUROPA PRESS) La Abogac\u00eda de M\u00e1laga ha incorporado una nueva secci\u00f3n dentro de su organizaci\u00f3n dedicada a asuntos de medio ambiente, sostenibilidad y responsabilidad social corporativa. Con esta, la instituci\u00f3n colegial ya cuenta con 29 \u00e1reas relativas a las diferentes ramas del derecho. Concretamente, se trata de la Secci\u00f3n Ambiental, Social y Gobernanza [&hellip;]<\/p>\n","protected":false},"author":1,"featured_media":0,"comment_status":"closed","ping_status":"closed","sticky":false,"template":"","format":"standard","meta":{"footnotes":""},"categories":[],"tags":[],"class_list":["post-50756","post","type-post","status-publish","format-standard","hentry"],"_links":{"self":[{"href":"https:\/\/webciudadana.net\/index.php?rest_route=\/wp\/v2\/posts\/50756","targetHints":{"allow":["GET"]}}],"collection":[{"href":"https:\/\/webciudadana.net\/index.php?rest_route=\/wp\/v2\/posts"}],"about":[{"href":"https:\/\/webciudadana.net\/index.php?rest_route=\/wp\/v2\/types\/post"}],"author":[{"embeddable":true,"href":"https:\/\/webciudadana.net\/index.php?rest_route=\/wp\/v2\/users\/1"}],"replies":[{"embeddable":true,"href":"https:\/\/webciudadana.net\/index.php?rest_route=%2Fwp%2Fv2%2Fcomments&post=50756"}],"version-history":[{"count":0,"href":"https:\/\/webciudadana.net\/index.php?rest_route=\/wp\/v2\/posts\/50756\/revisions"}],"wp:attachment":[{"href":"https:\/\/webciudadana.net\/index.php?rest_route=%2Fwp%2Fv2%2Fmedia&parent=50756"}],"wp:term":[{"taxonomy":"category","embeddable":true,"href":"https:\/\/webciudadana.net\/index.php?rest_route=%2Fwp%2Fv2%2Fcategories&post=50756"},{"taxonomy":"post_tag","embeddable":true,"href":"https:\/\/webciudadana.net\/index.php?rest_route=%2Fwp%2Fv2%2Ftags&post=50756"}],"curies":[{"name":"wp","href":"https:\/\/api.w.org\/{rel}","templated":true}]}}