{"id":50767,"date":"2024-03-04T13:34:51","date_gmt":"2024-03-04T12:34:51","guid":{"rendered":"https:\/\/ticker-noticiasep.microcontenidos.com\/NoticiaRSS.vbhtml?user=XRNR562DLR&amp;cod=20240304133451"},"modified":"2024-03-04T13:34:51","modified_gmt":"2024-03-04T12:34:51","slug":"intu-xanadu-redujo-un-107-sus-emisiones-de-carbono-en-2023-y-rebajo-un-3-el-consumo-de-energia","status":"publish","type":"post","link":"https:\/\/webciudadana.net\/?p=50767","title":{"rendered":"intu Xanad\u00fa redujo un 107% sus emisiones de carbono en 2023 y rebaj\u00f3 un 3% el consumo de energ\u00eda"},"content":{"rendered":"\n<div><img decoding=\"async\" src=\"\/wp-content\/uploads\/sites\/2\/2024\/03\/intu-xanadu-redujo-un-107-sus-emisiones-de-carbono-en-2023-y-rebajo-un-3-el-consumo-de-energia.jpg\" class=\"ff-og-image-inserted\"><\/div>\n<p>Se increment\u00f3 un 5,1% la afluencia respecto a 2022 y crecieron un 7,3%las ventas totales<\/p>\n<p> MADRID, 4 (EUROPA PRESS)<\/p>\n<p> intu Xanad\u00fa ha logrado reducir un 107% sus emisiones de carbono en 2023 y rebaj\u00f3 un 3% el consumo de energ\u00eda, adem\u00e1s de incrementar 33 puntos porcentuales la tasa de reciclaje media, seg\u00fan su segunda Memoria de Sostenibilidad con los resultados alcanzados durante 2023.<\/p>\n<p> El informe recoge datos y cifras de indicadores clave en la gesti\u00f3n de residuos, las emisiones de carbono, el consumo de energ\u00eda y agua, las certificaciones de sostenibilidad y el compromiso social tanto con la sociedad y la comunidad local.<\/p>\n<p> Con el marcado objetivo de ser &#8216;Net Zero Carbon&#8217; en alcances 1 y 2 antes de 2030, la memoria recoge la estrategia de reducci\u00f3n de emisiones a trav\u00e9s de la eficiencia energ\u00e9tica, la inversi\u00f3n en energ\u00eda renovable, la adopci\u00f3n de la metodolog\u00eda GRESB y la obtenci\u00f3n y renovaci\u00f3n de certificaciones externas (en 2023 alcanz\u00f3 el m\u00e1ximo nivel en su certificado de eficiencia energ\u00e9tica AA).<\/p>\n<p> Adem\u00e1s, en 2022, la instalaci\u00f3n de una planta fotovoltaica para su consumo propio y que, en caso de necesitar energ\u00eda adicional, esta se adquiere de fuentes renovables certificadas. Asimismo, est\u00e1 impulsando la reducci\u00f3n de su Alcance 3 de huella de carbono, midiendo y reduciendo el consumo energ\u00e9tico de inquilinos mediante colaboraci\u00f3n y medidas de eficiencia energ\u00e9tica, incluyendo una planta solar en Snozone (pista de nieve).<\/p>\n<p> Gracias a la implementaci\u00f3n de todas estas medidas, ha logrado reducir sus emisiones de carbono en un 107% en el \u00faltimo a\u00f1o y el consumo de energ\u00eda en un 3% respecto al a\u00f1o anterior, adem\u00e1s mejorar la gesti\u00f3n de residuos, materia en la que se ha pasado de una tasa de reciclaje media del 43% en 2022 a una del 76% el a\u00f1o pasado.<\/p>\n<p> El centro comercial ubicado en Arroyomolinos ha destacado adem\u00e1s la incorporaci\u00f3n de una figura encargada de la gesti\u00f3n y coordinaci\u00f3n de las estrategias medioambientales. \u00abConsideramos que el camino hacia la sostenibilidad es un esfuerzo colectivo que precisa de un enfoque transversal e integrador, de ah\u00ed que hayamos incorporado en 2023 a nuestro equipo de gerencia de CBRE un responsable especializado de ESG para que trabaje y colabore con todas las \u00e1reas internas y partners externos\u00bb, ha subrayado Alexis Martin, gerente de intu Xanad\u00fa.<\/p>\n<p> En esta l\u00ednea, ha explicado que este informe burca \u00abreflejar de manera transparente todas las acciones\u00bb que se est\u00e1n llevando a cabo \u00abpara convertir y plasmar los compromisos en hechos reales y profundos\u00bb. \u00abDesde hace a\u00f1os, toda nuestra actividad gira en torno a un modelo de negocio sostenible que responde a una estrategia a largo plazo, por lo que esta memoria nos sirve para conocer en qu\u00e9 punto estamos y hacia d\u00f3nde queremos dirigirnos\u00bb, ha subrayado.<\/p>\n<p> En este marco, ha recalcado que la memoria de 2023, la segunda de intu Xanad\u00fa, \u00abevidencia\u00bb su dedicaci\u00f3n \u00abpara minimizar el impacto ambiental, promover el bienestar social y fomentar un crecimiento econ\u00f3mico responsable\u00bb. \u00abUn compromiso s\u00f3lido y real con la sostenibilidad que hacen de intu Xanad\u00fa un referente en el sector de centros comerciales\u00bb, ha hecho hincapi\u00e9 Martin.<\/p>\n<p> El informe tambi\u00e9n recoge las cifras como destino comercial y de ocio, con un incremento del 5,1% de afluencia, un aumento del 7,3% de ventas totales, 9.210 metros cuadrados de nueva superficie de alquiler incorporada y reformada y 8,5 millones de euros de inversi\u00f3n total, con incrementos anuales del 18% y 28%, respectivamente, y la creaci\u00f3n de 3.000 puestos de trabajo indirectos estimados.<\/p>\n<p> COMPROMISO INTU XANAD\u00da<\/p>\n<p> Estas iniciativas se materializan a trav\u00e9s de &#8216;Compromiso intu Xanad\u00fa&#8217;, un plan de acci\u00f3n por el que se han realizado 36 acciones sociales en 2023 y se ha colaborado con m\u00e1s de 15 organizaciones. Dentro de este compromiso, tambi\u00e9n se contempla la cesi\u00f3n gratuita de espacios a asociaciones sin \u00e1nimo de lucro para ayudarles a promover sus causas, la realizaci\u00f3n de eventos comunitarios y la participaci\u00f3n en d\u00edas especiales e iniciativas globales.<\/p>\n<p> \u00abAdem\u00e1s de por la posici\u00f3n que ocupa dentro del sector de centros comerciales, otro de los puntos fuertes y diferenciadores es c\u00f3mo nos relacionamos con la sociedad y el entorno que nos rodea, y el impacto que tenemos en nuestros clientes, empleados y proveedores\u00bb, ha indicado el gerente del centro comercial.<\/p>\n<p> La memoria presenta el balance de &#8216;GenteXana&#8217;, un programa puesto en marcha en 2021 para crear una cultura de un equipo entre empleados (alrededor de 100 personas), reforzar la comunicaci\u00f3n interna y formaci\u00f3n, y, mejorar y contribuir a su bienestar mediante actividades que se desarrollan a lo largo de todo el a\u00f1o.<\/p>\n<p> As\u00ed, en 2023 se han llevado a cabo m\u00e1s de 15 acciones de teambuilding, 46 acciones &#8216;Joy&#8217;, siete jornadas divulgativas y la plantaci\u00f3n del bosque &#8216;GenteXana&#8217; para simbolizar el crecimiento y unidad del equipo de intu Xanad\u00fa.<\/p>\n<p> En 2023, intu Xanad\u00fa consigui\u00f3 adem\u00e1s el primer puesto como el centro comercial mejor valorado de la Comunidad de Madrid y el segundo de Espa\u00f1a, seg\u00fan un estudio de SW Demoscopia. <\/p>\n","protected":false},"excerpt":{"rendered":"<p>Se increment\u00f3 un 5,1% la afluencia respecto a 2022 y crecieron un 7,3%las ventas totales MADRID, 4 (EUROPA PRESS) intu Xanad\u00fa ha logrado reducir un 107% sus emisiones de carbono en 2023 y rebaj\u00f3 un 3% el consumo de energ\u00eda, adem\u00e1s de incrementar 33 puntos porcentuales la tasa de reciclaje media, seg\u00fan su segunda Memoria [&hellip;]<\/p>\n","protected":false},"author":1,"featured_media":0,"comment_status":"closed","ping_status":"closed","sticky":false,"template":"","format":"standard","meta":{"footnotes":""},"categories":[],"tags":[],"class_list":["post-50767","post","type-post","status-publish","format-standard","hentry"],"_links":{"self":[{"href":"https:\/\/webciudadana.net\/index.php?rest_route=\/wp\/v2\/posts\/50767","targetHints":{"allow":["GET"]}}],"collection":[{"href":"https:\/\/webciudadana.net\/index.php?rest_route=\/wp\/v2\/posts"}],"about":[{"href":"https:\/\/webciudadana.net\/index.php?rest_route=\/wp\/v2\/types\/post"}],"author":[{"embeddable":true,"href":"https:\/\/webciudadana.net\/index.php?rest_route=\/wp\/v2\/users\/1"}],"replies":[{"embeddable":true,"href":"https:\/\/webciudadana.net\/index.php?rest_route=%2Fwp%2Fv2%2Fcomments&post=50767"}],"version-history":[{"count":0,"href":"https:\/\/webciudadana.net\/index.php?rest_route=\/wp\/v2\/posts\/50767\/revisions"}],"wp:attachment":[{"href":"https:\/\/webciudadana.net\/index.php?rest_route=%2Fwp%2Fv2%2Fmedia&parent=50767"}],"wp:term":[{"taxonomy":"category","embeddable":true,"href":"https:\/\/webciudadana.net\/index.php?rest_route=%2Fwp%2Fv2%2Fcategories&post=50767"},{"taxonomy":"post_tag","embeddable":true,"href":"https:\/\/webciudadana.net\/index.php?rest_route=%2Fwp%2Fv2%2Ftags&post=50767"}],"curies":[{"name":"wp","href":"https:\/\/api.w.org\/{rel}","templated":true}]}}