{"id":50770,"date":"2024-03-04T13:49:46","date_gmt":"2024-03-04T12:49:46","guid":{"rendered":"https:\/\/ticker-noticiasep.microcontenidos.com\/NoticiaRSS.vbhtml?user=XRNR562DLR&amp;cod=20240304134946"},"modified":"2024-03-04T13:49:46","modified_gmt":"2024-03-04T12:49:46","slug":"la-gallega-ana-mancebo-obtiene-el-premio-al-mejor-tratamiento-de-estetica-de-espana-2024","status":"publish","type":"post","link":"https:\/\/webciudadana.net\/?p=50770","title":{"rendered":"La gallega Ana Mancebo obtiene el Premio al Mejor Tratamiento de Est\u00e9tica de Espa\u00f1a 2024"},"content":{"rendered":"\n<div><img decoding=\"async\" src=\"\/wp-content\/uploads\/sites\/2\/2024\/03\/la-gallega-ana-mancebo-obtiene-el-premio-al-mejor-tratamiento-de-estetica-de-espana-2024.jpg\" class=\"ff-og-image-inserted\"><\/div>\n<p>(Informaci\u00f3n remitida por la empresa firmante)<\/p>\n<p>\nLos profesionales del mundo de la est\u00e9tica vuelven a valorar el trabajo realizado desde su centro en Negreira (A Coru\u00f1a), una localidad de unos 7000 habitantes, y que ya en 2023 obtuvo el Premio al Mejor Centro de Est\u00e9tica de Espa\u00f1a. Tambi\u00e9n le acaban de conceder el reconocimiento a su trayectoria en los Beauty Contact Awards 2024<\/p>\n<p>\nNegreira (A Coru\u00f1a), 4 de marzo de 2024.- Ana Mancebo ha logrado desde su centro en Negreira el Premio al Mejor Tratamiento de Est\u00e9tica en Cabina de Espa\u00f1a en el marco del Congreso Internacional de Est\u00e9tica y SPA concedido por la revista Vida Est\u00e9tica en Cosmobeauty. Este \u00ab\u00f3scar\u00bb del mundo de la est\u00e9tica es otorgado por los profesionales del sector y se ha constituido en sello de calidad de referencia, valorando la eficacia e innovaci\u00f3n en la t\u00e9cnica empleada en cada caso.<\/p>\n<p> Feel skin (Sentir la piel) es el nombre de este exclusivo ritual creado para poder experimentar el poder del tacto de las manos sobre la piel. Para Ana Mancebo supone \u00abpoder fusionarme con cada cuerpo y sentirlo como si formara parte de m\u00ed; liberar tensiones, bajar el cortisol, elevar la serotonina, y permitir que la mente alcance el relax total\u00bb.<\/p>\n<p> El ritual comienza localizando los diferentes puntos de tensi\u00f3n en escote, cuello, rostro y cuero cabelludo para as\u00ed poder liberarlos; se act\u00faa sobre el sistema linf\u00e1tico y se busca activar la microcirculaci\u00f3n para trabajar sobre una piel m\u00e1s oxigenada. El fin es realizar un profundo trabajo que movilice toda la musculatura y la fije posteriormente para una remodelaci\u00f3n del rostro. Es el poder de las manos para lograr la liberaci\u00f3n de las cargas y disfrutar de un momento \u00fanico de bienestar. El ritual Feel skin es exclusivo del Centro de Belleza de Ana Mancebo y solo lo realiza ella. (Ritual 150&nbsp;\u20ac).<\/p>\n<p> Por otro lado, los Beauty Contact Awards premia a quienes son referente ineludible del desarrollo de la industria, as\u00ed como a las trayectorias destacadas que han impulsado al sector, galard\u00f3n que en esta edici\u00f3n se ha concedido a Ana Mancebo.<\/p>\n<p> Sobre Ana Mancebo<\/p>\n<p>\nAna Mancebo realiz\u00f3 sus primeros estudios de Est\u00e9tica en el IES Lamas de Abade, y desde entonces su obsesi\u00f3n ha sido la formaci\u00f3n continua. Especialista en est\u00e9tica oncol\u00f3gica por la Fundaci\u00f3n Ricardo Fisas, de Barcelona, especialista en t\u00e9cnicas manuales, y en micronutrici\u00f3n, es, sin duda, una esteticista imprescindible en foros y ponencias.<\/p>\n<p> La determinaci\u00f3n por abordar y profundizar en las distintas \u00e1reas del mundo de la est\u00e9tica ha permitido que Ana Mancebo tenga una visi\u00f3n integral de la est\u00e9tica y la belleza, convirti\u00e9ndose en un referente para las principales y m\u00e1s innovadoras marcas.<\/p>\n<p> El Sal\u00f3n de Belleza y Est\u00e9tica de Ana Mancebo fue en sus inicios un peque\u00f1o local de 3 por 2 m. Poco a poco la maestr\u00eda de Ana Mancebo fue conquistando a un p\u00fablico fiel que le ha llevado a crecer hasta tener hoy un centro de \u00faltima generaci\u00f3n que supera los 300 m2 en la localidad coru\u00f1esa de Negreira, unos 7.000 habitantes.<\/p>\n<p> Contacto<\/p>\n<p>\nNombre contacto: ALICIA HUIDOBRO<\/p>\n<p>\nDescripci\u00f3n contacto: QUINTAGAMA COMUNICACION SL<\/p>\n<p>\nTel\u00e9fono de contacto: 629647315<\/p>\n","protected":false},"excerpt":{"rendered":"<p>(Informaci\u00f3n remitida por la empresa firmante) Los profesionales del mundo de la est\u00e9tica vuelven a valorar el trabajo realizado desde su centro en Negreira (A Coru\u00f1a), una localidad de unos 7000 habitantes, y que ya en 2023 obtuvo el Premio al Mejor Centro de Est\u00e9tica de Espa\u00f1a. Tambi\u00e9n le acaban de conceder el reconocimiento a [&hellip;]<\/p>\n","protected":false},"author":1,"featured_media":0,"comment_status":"closed","ping_status":"closed","sticky":false,"template":"","format":"standard","meta":{"footnotes":""},"categories":[],"tags":[],"class_list":["post-50770","post","type-post","status-publish","format-standard","hentry"],"_links":{"self":[{"href":"https:\/\/webciudadana.net\/index.php?rest_route=\/wp\/v2\/posts\/50770","targetHints":{"allow":["GET"]}}],"collection":[{"href":"https:\/\/webciudadana.net\/index.php?rest_route=\/wp\/v2\/posts"}],"about":[{"href":"https:\/\/webciudadana.net\/index.php?rest_route=\/wp\/v2\/types\/post"}],"author":[{"embeddable":true,"href":"https:\/\/webciudadana.net\/index.php?rest_route=\/wp\/v2\/users\/1"}],"replies":[{"embeddable":true,"href":"https:\/\/webciudadana.net\/index.php?rest_route=%2Fwp%2Fv2%2Fcomments&post=50770"}],"version-history":[{"count":0,"href":"https:\/\/webciudadana.net\/index.php?rest_route=\/wp\/v2\/posts\/50770\/revisions"}],"wp:attachment":[{"href":"https:\/\/webciudadana.net\/index.php?rest_route=%2Fwp%2Fv2%2Fmedia&parent=50770"}],"wp:term":[{"taxonomy":"category","embeddable":true,"href":"https:\/\/webciudadana.net\/index.php?rest_route=%2Fwp%2Fv2%2Fcategories&post=50770"},{"taxonomy":"post_tag","embeddable":true,"href":"https:\/\/webciudadana.net\/index.php?rest_route=%2Fwp%2Fv2%2Ftags&post=50770"}],"curies":[{"name":"wp","href":"https:\/\/api.w.org\/{rel}","templated":true}]}}