{"id":50785,"date":"2024-03-04T17:30:47","date_gmt":"2024-03-04T16:30:47","guid":{"rendered":"https:\/\/ticker-noticiasep.microcontenidos.com\/NoticiaRSS.vbhtml?user=XRNR562DLR&amp;cod=20240304173047"},"modified":"2024-03-04T17:30:47","modified_gmt":"2024-03-04T16:30:47","slug":"fundacion-epic-y-down-espana-colaboraran-para-promover-el-bienestar-de-las-personas-con-sindrome-de-down","status":"publish","type":"post","link":"https:\/\/webciudadana.net\/?p=50785","title":{"rendered":"Fundaci\u00f3n Epic y Down Espa\u00f1a colaborar\u00e1n para promover el bienestar de las personas con s\u00edndrome de Down"},"content":{"rendered":"\n<p> MADRID, 4 (EUROPA PRESS)<\/p>\n<p> La Fundaci\u00f3n Epic y Down Espa\u00f1a han firmado un convenio de colaboraci\u00f3n con el objetivo de promover el bienestar de las personas con s\u00edndrome de Down, as\u00ed como la investigaci\u00f3n en el \u00e1mbito de las enfermedades cardiovasculares.<\/p>\n<p> Seg\u00fan explica el presidente de Fundaci\u00f3n Epic, Armando P\u00e9rez de Prado, \u00abalrededor de la mitad de ni\u00f1os que nace con este s\u00edndrome padece malformaciones cardiacas, siendo una de las principales causas de morbimortalidad si no son tratadas a tiempo, especialmente en los primeros dos a\u00f1os\u00bb.<\/p>\n<p> \u00abDe ah\u00ed, la importancia de ser tratados cuanto antes a fin de optimizar su funci\u00f3n cardiaca y mejorar el pron\u00f3stico de vida\u00bb, adem\u00e1s, a\u00f1ade \u00abestas cardiopat\u00edas tienen diferentes presentaciones cl\u00ednicas y evoluci\u00f3n. Los s\u00edntomas o signos de estas, pueden estar ausentes en los primeros d\u00edas, lo que conduce a un diagn\u00f3stico tard\u00edo\u00bb.<\/p>\n<p> Para la t\u00e9cnico de Programas de Salud de Down Espa\u00f1a, Fernanda Albamonte, \u00absupone un paso m\u00e1s\u00bb, que desde la Federaci\u00f3n celebran ya que, asegura, les permitir\u00e1 seguir trabajando \u00abpara mejorar la calidad de vida e inclusi\u00f3n de las personas con s\u00edndrome de Down\u00bb.<\/p>\n","protected":false},"excerpt":{"rendered":"<p>MADRID, 4 (EUROPA PRESS) La Fundaci\u00f3n Epic y Down Espa\u00f1a han firmado un convenio de colaboraci\u00f3n con el objetivo de promover el bienestar de las personas con s\u00edndrome de Down, as\u00ed como la investigaci\u00f3n en el \u00e1mbito de las enfermedades cardiovasculares. Seg\u00fan explica el presidente de Fundaci\u00f3n Epic, Armando P\u00e9rez de Prado, \u00abalrededor de la [&hellip;]<\/p>\n","protected":false},"author":1,"featured_media":0,"comment_status":"closed","ping_status":"closed","sticky":false,"template":"","format":"standard","meta":{"footnotes":""},"categories":[],"tags":[],"class_list":["post-50785","post","type-post","status-publish","format-standard","hentry"],"_links":{"self":[{"href":"https:\/\/webciudadana.net\/index.php?rest_route=\/wp\/v2\/posts\/50785","targetHints":{"allow":["GET"]}}],"collection":[{"href":"https:\/\/webciudadana.net\/index.php?rest_route=\/wp\/v2\/posts"}],"about":[{"href":"https:\/\/webciudadana.net\/index.php?rest_route=\/wp\/v2\/types\/post"}],"author":[{"embeddable":true,"href":"https:\/\/webciudadana.net\/index.php?rest_route=\/wp\/v2\/users\/1"}],"replies":[{"embeddable":true,"href":"https:\/\/webciudadana.net\/index.php?rest_route=%2Fwp%2Fv2%2Fcomments&post=50785"}],"version-history":[{"count":0,"href":"https:\/\/webciudadana.net\/index.php?rest_route=\/wp\/v2\/posts\/50785\/revisions"}],"wp:attachment":[{"href":"https:\/\/webciudadana.net\/index.php?rest_route=%2Fwp%2Fv2%2Fmedia&parent=50785"}],"wp:term":[{"taxonomy":"category","embeddable":true,"href":"https:\/\/webciudadana.net\/index.php?rest_route=%2Fwp%2Fv2%2Fcategories&post=50785"},{"taxonomy":"post_tag","embeddable":true,"href":"https:\/\/webciudadana.net\/index.php?rest_route=%2Fwp%2Fv2%2Ftags&post=50785"}],"curies":[{"name":"wp","href":"https:\/\/api.w.org\/{rel}","templated":true}]}}