{"id":50792,"date":"2024-03-04T19:04:08","date_gmt":"2024-03-04T18:04:08","guid":{"rendered":"https:\/\/ticker-noticiasep.microcontenidos.com\/NoticiaRSS.vbhtml?user=XRNR562DLR&amp;cod=20240304190408"},"modified":"2024-03-04T19:04:08","modified_gmt":"2024-03-04T18:04:08","slug":"atresmedia-lanza-una-campana-por-el-8m-para-reivindicar-el-reconocimiento-a-todas-las-mujeres-mas-alla-de-sus-logros","status":"publish","type":"post","link":"https:\/\/webciudadana.net\/?p=50792","title":{"rendered":"Atresmedia lanza una campa\u00f1a por el 8M para reivindicar el reconocimiento a todas las mujeres m\u00e1s all\u00e1 de sus logros"},"content":{"rendered":"\n<div><img decoding=\"async\" src=\"\/wp-content\/uploads\/sites\/2\/2024\/03\/atresmedia-lanza-una-campana-por-el-8m-para-reivindicar-el-reconocimiento-a-todas-las-mujeres-mas-alla-de-sus-logros.jpg\" class=\"ff-og-image-inserted\"><\/div>\n<p> MADRID, 4 (EUROPA PRESS)<\/p>\n<p> Atresmedia ha lanzado este lunes una campa\u00f1a que permanecer\u00e1 en emisi\u00f3n hasta el pr\u00f3ximo 8 de marzo, D\u00eda Internacional de la Mujer, con la que quiere reivindicar el reconocimiento a todas las mujeres m\u00e1s all\u00e1 de sus influencias, logros, estatus o aspiraciones: &#8216;El valor de la mujer, sea como sea; sea como quiera ser&#8217;.<\/p>\n<p> En el spot aparecen conocidas presentadoras del grupo y personajes femeninos de diferentes series de Atresmedia, mostrando a mujeres de todo tipo para celebrar este D\u00eda Internacional de la Mujer.<\/p>\n<p> \u00abUna reivindicaci\u00f3n de todas las mujeres. Porque, con frecuencia, parece que la mujer necesite alcanzar un gran logro para ser valorada y reconocida\u00bb, destaca el grupo de comunicaci\u00f3n.<\/p>\n<p> La nueva campa\u00f1a de Atresmedia reivindica a todas: a las que alcanzan sus sue\u00f1os y sus metas y tambi\u00e9n a las que no. A las que son referentes y a las que no. A las que rompen moldes y barreras y a las que no. Las que son iconos y a las que no. Un reconocimiento a todas las mujeres porque la igualdad ser\u00e1 igualdad cuando una mujer no<\/p>\n<p> La campa\u00f1a se emitir\u00e1 a trav\u00e9s de todos los canales de Atresmedia TV -Antena 3, laSexta, Nova, Neox, Mega y Atreseries-, Atresmedia Radio -Onda Cero, Europa FM y Melod\u00eda FM-, as\u00ed como en los perfiles de redes sociales de la compa\u00f1\u00eda.<\/p>\n","protected":false},"excerpt":{"rendered":"<p>MADRID, 4 (EUROPA PRESS) Atresmedia ha lanzado este lunes una campa\u00f1a que permanecer\u00e1 en emisi\u00f3n hasta el pr\u00f3ximo 8 de marzo, D\u00eda Internacional de la Mujer, con la que quiere reivindicar el reconocimiento a todas las mujeres m\u00e1s all\u00e1 de sus influencias, logros, estatus o aspiraciones: &#8216;El valor de la mujer, sea como sea; sea [&hellip;]<\/p>\n","protected":false},"author":1,"featured_media":0,"comment_status":"closed","ping_status":"closed","sticky":false,"template":"","format":"standard","meta":{"footnotes":""},"categories":[],"tags":[],"class_list":["post-50792","post","type-post","status-publish","format-standard","hentry"],"_links":{"self":[{"href":"https:\/\/webciudadana.net\/index.php?rest_route=\/wp\/v2\/posts\/50792","targetHints":{"allow":["GET"]}}],"collection":[{"href":"https:\/\/webciudadana.net\/index.php?rest_route=\/wp\/v2\/posts"}],"about":[{"href":"https:\/\/webciudadana.net\/index.php?rest_route=\/wp\/v2\/types\/post"}],"author":[{"embeddable":true,"href":"https:\/\/webciudadana.net\/index.php?rest_route=\/wp\/v2\/users\/1"}],"replies":[{"embeddable":true,"href":"https:\/\/webciudadana.net\/index.php?rest_route=%2Fwp%2Fv2%2Fcomments&post=50792"}],"version-history":[{"count":0,"href":"https:\/\/webciudadana.net\/index.php?rest_route=\/wp\/v2\/posts\/50792\/revisions"}],"wp:attachment":[{"href":"https:\/\/webciudadana.net\/index.php?rest_route=%2Fwp%2Fv2%2Fmedia&parent=50792"}],"wp:term":[{"taxonomy":"category","embeddable":true,"href":"https:\/\/webciudadana.net\/index.php?rest_route=%2Fwp%2Fv2%2Fcategories&post=50792"},{"taxonomy":"post_tag","embeddable":true,"href":"https:\/\/webciudadana.net\/index.php?rest_route=%2Fwp%2Fv2%2Ftags&post=50792"}],"curies":[{"name":"wp","href":"https:\/\/api.w.org\/{rel}","templated":true}]}}