{"id":50806,"date":"2024-03-05T11:00:55","date_gmt":"2024-03-05T10:00:55","guid":{"rendered":"https:\/\/ticker-noticiasep.microcontenidos.com\/NoticiaRSS.vbhtml?user=XRNR562DLR&amp;cod=20240305110055"},"modified":"2024-03-05T11:00:55","modified_gmt":"2024-03-05T10:00:55","slug":"mundo-pronostico-positivo-sedus-stoll-ag-mantiene-la-senda-del-crecimiento","status":"publish","type":"post","link":"https:\/\/webciudadana.net\/?p=50806","title":{"rendered":"Mundo: Pron\u00f3stico positivo: Sedus Stoll AG mantiene la senda del crecimiento"},"content":{"rendered":"\n<p>(Informaci\u00f3n remitida por la empresa firmante)<\/p>\n<p>\nD\u00d6GERN, Alemania, 5 de marzo de 2024 \/PRNewswire\/ &#8212; Con una cifra de negocios de aprox. 259,1 millones de euros, Sedus Stoll AG registr\u00f3 en 2023 un crecimiento del +8,8% en comparaci\u00f3n con el a\u00f1o anterior, situ\u00e1ndose as\u00ed muy por encima del crecimiento medio del mercado (+0,6% en comparaci\u00f3n con el a\u00f1o anterior). Adem\u00e1s, con unos 247,3 millones de euros, la entrada de pedidos se sit\u00faa en niveles r\u00e9cord y garantiza un 2024 con viento de cola.<\/p>\n<p>\n&#8212; Foto est\u00e1 disponible en AP &#8211;<\/p>\n<p>\n\u00abSedus Stoll AG creci\u00f3 de forma s\u00f3lida el a\u00f1o pasado\u00bb, explica Daniel Kittner, portavoz de la Junta Directiva de Sedus Stoll AG. \u00abEl desarrollo de productos innovadores y acordes con las \u00faltimas tendencias, con un claro enfoque en las demandas surgidas de los nuevos entornos de trabajo, se reflejan en el crecimiento de las ventas del Grupo Sedus Stoll en 2023. En estrecha colaboraci\u00f3n con nuestros distribuidores, observamos que las culturas empresariales son cada vez m\u00e1s \u00e1giles y adaptables a la hora de implementar proyectos de gran envergadura y respondemos a ello. Nuestras novedades de 2024 no solo siguen las tendencias, sino que contribuir\u00e1n activamente a darles forma\u00bb.<\/p>\n<p> La puesta en servicio de la nueva planta de producci\u00f3n \u00abFutura 2\u00bb en el emplazamiento de Geseke en septiembre de 2023 ha supuesto un impulso para esta positiva evoluci\u00f3n: con \u00abFutura 2\u00bb, Sedus ha generado capacidad adicional para hacer frente con mayor rapidez a los picos de trabajo. El proceso automatizado de corte de tableros ha reducido los tiempos de producci\u00f3n y ha acelerado notablemente los procesos, con lo que el fabricante de muebles de oficina ha logrado adecuar sus plazos de entrega a su nivel objetivo habitual a pesar del aumento de las ventas en los dos \u00faltimos a\u00f1os.<\/p>\n<p> Un objetivo claro a la vista: Neutralidad clim\u00e1tica para 2025<\/p>\n<p>\nLos centros administrativos y de producci\u00f3n (Scope 1 y 2) de Sedus en Dogern y Geseke alcanzar\u00e1n la neutralidad de carbono en 2025. \u00abEn nuestro camino hacia la neutralidad clim\u00e1tica, queremos reducir el 30% de nuestras emisiones directas para finales de 2025 y otro 20% para 2030\u00bb, explica Kittner. \u00abSin embargo, tambi\u00e9n hemos definido otros hitos para Sedus hasta 2025: Sedus reducir\u00e1 las emisiones de su flota de veh\u00edculos en un 20%; adem\u00e1s, la revisi\u00f3n del concepto energ\u00e9tico deber\u00eda reducir el uso de energ\u00eda primaria en torno al 60%. Tenemos previsto optimizar el proceso de embalaje en torno a un 15% y alrededor del 80% de la madera que utilizamos para la producci\u00f3n de nuestros muebles proceder\u00e1 de explotaciones forestales sostenibles de aqu\u00ed a 2025\u00bb.<\/p>\n<p> Las grandes ambiciones de Sedus son reconocidas tambi\u00e9n en el exterior, entre ellas, con la calificaci\u00f3n de sostenibilidad \u00abGold\u00bb de EcoVadis. Con esta calificaci\u00f3n, Sedus forma parte del 5% de empresas de todo el mundo reconocidas por su pol\u00edtica social, \u00e9tica y ecol\u00f3gica en el \u00e1mbito de la responsabilidad social corporativa. Otra certificaci\u00f3n es la \u00abSA8000\u00bb de responsabilidad social en el espacio de trabajo. \u00abEstamos orgullosos de que Sedus sea una de las 14 empresas alemanas certificadas con la SA8000\u00bb, afirma Kittner. \u00abCon el sello SA8000 garantizamos que en Sedus y a lo largo de nuestra cadena de suministro se implanta, supervisa y aplica correctamente un sistema de gesti\u00f3n socialmente responsable\u00bb.<\/p>\n<p> Sedus Press Office<\/p>\n<p>\nBernadette Trepte<\/p>\n<p>\nEmail: sedus@real-communications.com<\/p>\n<p>\nTel\u00e9fono: +49 (0) 7751 840<\/p>\n<p> View original content:https:\/\/www.prnewswire.com\/news-releases\/pronostico-positivo-sedus-stoll-ag-mantiene-la-senda-del-crecimiento-302079650.html<\/p>\n","protected":false},"excerpt":{"rendered":"<p>(Informaci\u00f3n remitida por la empresa firmante) D\u00d6GERN, Alemania, 5 de marzo de 2024 \/PRNewswire\/ &#8212; Con una cifra de negocios de aprox. 259,1 millones de euros, Sedus Stoll AG registr\u00f3 en 2023 un crecimiento del +8,8% en comparaci\u00f3n con el a\u00f1o anterior, situ\u00e1ndose as\u00ed muy por encima del crecimiento medio del mercado (+0,6% en comparaci\u00f3n [&hellip;]<\/p>\n","protected":false},"author":1,"featured_media":0,"comment_status":"closed","ping_status":"closed","sticky":false,"template":"","format":"standard","meta":{"footnotes":""},"categories":[],"tags":[],"class_list":["post-50806","post","type-post","status-publish","format-standard","hentry"],"_links":{"self":[{"href":"https:\/\/webciudadana.net\/index.php?rest_route=\/wp\/v2\/posts\/50806","targetHints":{"allow":["GET"]}}],"collection":[{"href":"https:\/\/webciudadana.net\/index.php?rest_route=\/wp\/v2\/posts"}],"about":[{"href":"https:\/\/webciudadana.net\/index.php?rest_route=\/wp\/v2\/types\/post"}],"author":[{"embeddable":true,"href":"https:\/\/webciudadana.net\/index.php?rest_route=\/wp\/v2\/users\/1"}],"replies":[{"embeddable":true,"href":"https:\/\/webciudadana.net\/index.php?rest_route=%2Fwp%2Fv2%2Fcomments&post=50806"}],"version-history":[{"count":0,"href":"https:\/\/webciudadana.net\/index.php?rest_route=\/wp\/v2\/posts\/50806\/revisions"}],"wp:attachment":[{"href":"https:\/\/webciudadana.net\/index.php?rest_route=%2Fwp%2Fv2%2Fmedia&parent=50806"}],"wp:term":[{"taxonomy":"category","embeddable":true,"href":"https:\/\/webciudadana.net\/index.php?rest_route=%2Fwp%2Fv2%2Fcategories&post=50806"},{"taxonomy":"post_tag","embeddable":true,"href":"https:\/\/webciudadana.net\/index.php?rest_route=%2Fwp%2Fv2%2Ftags&post=50806"}],"curies":[{"name":"wp","href":"https:\/\/api.w.org\/{rel}","templated":true}]}}