{"id":50819,"date":"2024-03-05T14:08:03","date_gmt":"2024-03-05T13:08:03","guid":{"rendered":"https:\/\/ticker-noticiasep.microcontenidos.com\/NoticiaRSS.vbhtml?user=XRNR562DLR&amp;cod=20240305140803"},"modified":"2024-03-05T14:08:03","modified_gmt":"2024-03-05T13:08:03","slug":"salud-comunicado-asanec-recomienda-reforzar-la-vacunacion-contra-la-tosferina-para-mantener-su-control-y-frenar-los-contagios","status":"publish","type":"post","link":"https:\/\/webciudadana.net\/?p=50819","title":{"rendered":"Salud: Comunicado.-Asanec recomienda reforzar la vacunaci\u00f3n contra la tosferina para mantener su control y frenar los contagios"},"content":{"rendered":"\n<div><img decoding=\"async\" src=\"\/wp-content\/uploads\/sites\/2\/2024\/03\/salud-comunicado-asanec-recomienda-reforzar-la-vacunacion-contra-la-tosferina-para-mantener-su-control-y-frenar-los-contagios.jpg\" class=\"ff-og-image-inserted\"><\/div>\n<p> SEVILLA, 5 (EUROPA PRESS)<\/p>\n<p> La Asociaci\u00f3n Andaluza de Enfermer\u00eda Familiar y Comunitaria (Asanec) ha alertado de la necesidad de \u00abreforzar con una dosis extra la vacunaci\u00f3n del virus contra la tosferina\u00bb ante el repunte de casos de esta infecci\u00f3n respiratoria en Andaluc\u00eda. La tosferina afecta a todos los grupos de edad, siendo adolescentes y adultos los que act\u00faan como principal fuente de transmisi\u00f3n.<\/p>\n<p> Seg\u00fan han explicado desde Asanec, la tosferina consiste en una infecci\u00f3n respiratoria end\u00e9mica, con brotes epid\u00e9micos que ocurren de manera c\u00edclica. Esta enfermedad destaca por su alto \u00edndice de contagios y su transmisi\u00f3n se produce por contacto estrecho con una persona infectada a trav\u00e9s de la tos o contacto con las secreciones respiratorias.<\/p>\n<p> \u00abLa m\u00e1xima contagiosidad de esta infecci\u00f3n, que es m\u00e1s frecuente en invierno y primavera, se produce durante el per\u00edodo catarral y las primeras dos semanas con un per\u00edodo de incubaci\u00f3n de siete a 20 d\u00edas\u00bb, han apuntado desde la asociaci\u00f3n. En este sentido, la responsable de inmunizaci\u00f3n de Asanec, Eva Alm\u00e1n, ha indicado que la tosferina es especialmente grave en los primeros meses de vida.<\/p>\n<p> \u00abEl 90 por ciento de las hospitalizaciones se dan en ni\u00f1os menores de un a\u00f1o, con mayor porcentaje en los menores de tres meses, por presentar complicaciones graves y hasta mortalidad\u00bb. Asimismo, Alm\u00e1n ha explicado que \u00abla importancia de reforzar la vacunaci\u00f3n de la tosferina con una nueva dosis, tal y como recomiendan distintas sociedades cient\u00edficas, se debe principalmente a que la inmunidad de la poblaci\u00f3n ante esta enfermedad se va debilitando con el paso del tiempo\u00bb.<\/p>\n<p> Desde Asanec han recordado que, \u00aben Espa\u00f1a la tosferina se encuentra en una epidemia sostenida desde el a\u00f1o 2010\u00bb. Seg\u00fan datos del Instituto Carlos III, desde 2011 se declara un promedio de 4.000 casos anuales, con un pico m\u00e1ximo entre 2014 y 2019. Adem\u00e1s, en el informe publicado por el Centro Nacional de Epidemiolog\u00eda, que analiza el periodo comprendido entre los a\u00f1os 2005 y 2020, se recogen un total de 43.534 casos de tosferina, registrando 10.281 hospitalizaciones (el 82,7 por ciento en menores de tres meses de vida).<\/p>\n<p> A nivel europeo, un an\u00e1lisis realizado entre los a\u00f1os 2010 y 2020, con motivo de conocer la carga de tosferina en adultos mayores de 50 a\u00f1os, ha mostrado c\u00f3mo la enfermedad sigue tendencias similares a las de los ni\u00f1os de cero a cuatro a\u00f1os, \u00abes decir, que est\u00e1 creciendo\u00bb.<\/p>\n<p> A pesar de disponer de vacunas con una efectividad aceptable y de haber alcanzado elevadas coberturas vacunales, de forma c\u00edclica se producen brotes en pa\u00edses con alto \u00edndice de desarrollo humano.<\/p>\n<p> En las dos \u00faltimas d\u00e9cadas, la incidencia de la tosferina se ha incrementado en todo el mundo, tanto en pa\u00edses de bajo como de alto \u00cdndice Desarrollo Humano (IDH), siendo una de las enfermedades prevenibles por vacunaci\u00f3n m\u00e1s prevalentes.<\/p>\n<p> \u00abEsto indica\u00bb, apuntan desde Asanec, \u00abque las estrategias de vacunaci\u00f3n actuales son insuficientes para disminuir la carga de la enfermedad en todos los grupos de edad\u00bb.<\/p>\n<p> Alm\u00e1n sostiene \u00abla necesidad de ser conscientes de que la incidencia real es mayor, debido a que el bajo grado de sospecha cl\u00ednica, determina que la tosferina en adultos quede frecuentemente sin diagnosticar, siendo la carga real de la enfermedad mayor\u00bb.<\/p>\n<p>\nACCIONES PREVENTIVAS<\/p>\n<p> Respecto a las acciones preventivas a llevar a cabo contra la tosferina, la responsable de inmunizaci\u00f3n de Asanec ha se\u00f1alado que \u00abdeben dirigirse fundamentalmente a proteger a los lactantes menores de tres meses y a tratar de disminuir la incidencia en los adolescentes y adultos que act\u00faan como reservorio y fuente de infecci\u00f3n\u00bb.<\/p>\n<p> De esta forma, las medidas m\u00e1s efectivas en el control de esta enfermedad pasan por mantener un porcentaje alto de personas vacunadas: ni\u00f1os, adolescentes y adultos hasta los 65 a\u00f1os, para cortar la transmisi\u00f3n, evitando, adem\u00e1s, la exposici\u00f3n de los lactantes y otros sujetos con alto riesgo de contagio.<\/p>\n<p> En este sentido, Asanec considera que \u00abla vacunaci\u00f3n es la mejor medida preventiva para el control de esta enfermedad\u00bb. En Andaluc\u00eda, la administraci\u00f3n de esta vacuna se realiza a los dos, cuatro y once meses de edad, con un refuerzo posterior a los seis a\u00f1os. \u00abComo no se inicia hasta los dos meses de vida, la estrategia para proteger a esos lactantes consiste en la vacunaci\u00f3n sistem\u00e1tica frente a tosferina para todas las embarazadas\u00bb, han explicado.<\/p>\n<p> As\u00ed, la inoculaci\u00f3n se realiza tras 27 o 28 semanas de gestaci\u00f3n, ya que, de esta forma, la madre genera anticuerpos contra la enfermedad que pasar\u00e1n al feto a trav\u00e9s de la placenta y le proteger\u00e1n hasta que pueda vacunarse.<\/p>\n<p> Otras medidas adicionales de protecci\u00f3n indirecta para los lactantes y ni\u00f1os pasan por la vacunaci\u00f3n de los profesionales de la salud, especialmente aquellos en contacto directo con ni\u00f1os como ginec\u00f3logos, pediatras, matronas, neonat\u00f3logos y enfermeras de las unidades de cuidados intensivos pedi\u00e1tricas, de las de pediatr\u00eda y de las de obstetricia, as\u00ed como de los cuidadores de guarder\u00edas. Asimismo, se puede realizar un aislamiento respiratorio de la persona con s\u00edntomas hasta cumplir, al menos, cinco d\u00edas de tratamiento y, en algunos casos, tratamiento de las personas que conviven con \u00e9l.<\/p>\n<p> Asanec es la Asociaci\u00f3n Andaluza de Enfermer\u00eda Familiar y Comunitaria formada por enfermeras y enfermeros de toda la geograf\u00eda andaluza que, sin \u00e1nimo de lucro, trabajan por y para el desarrollo de la profesi\u00f3n. Como sociedad cient\u00edfica, persigue la mejora de la calidad asistencial en el \u00e1mbito comunitario desde la defensa de la sanidad p\u00fablica, influyendo y dialogando con las Administraciones.<\/p>\n<p> Entre sus fines se encuentra brindar formaci\u00f3n e investigaci\u00f3n en la pr\u00e1ctica de la enfermer\u00eda para ofrecer cuidados de calidad a la comunidad, as\u00ed como colaborar con otras sociedades cient\u00edficas y asociaciones para el mejor desarrollo de la profesi\u00f3n.<\/p>\n","protected":false},"excerpt":{"rendered":"<p>SEVILLA, 5 (EUROPA PRESS) La Asociaci\u00f3n Andaluza de Enfermer\u00eda Familiar y Comunitaria (Asanec) ha alertado de la necesidad de \u00abreforzar con una dosis extra la vacunaci\u00f3n del virus contra la tosferina\u00bb ante el repunte de casos de esta infecci\u00f3n respiratoria en Andaluc\u00eda. La tosferina afecta a todos los grupos de edad, siendo adolescentes y adultos [&hellip;]<\/p>\n","protected":false},"author":1,"featured_media":0,"comment_status":"closed","ping_status":"closed","sticky":false,"template":"","format":"standard","meta":{"footnotes":""},"categories":[],"tags":[],"class_list":["post-50819","post","type-post","status-publish","format-standard","hentry"],"_links":{"self":[{"href":"https:\/\/webciudadana.net\/index.php?rest_route=\/wp\/v2\/posts\/50819","targetHints":{"allow":["GET"]}}],"collection":[{"href":"https:\/\/webciudadana.net\/index.php?rest_route=\/wp\/v2\/posts"}],"about":[{"href":"https:\/\/webciudadana.net\/index.php?rest_route=\/wp\/v2\/types\/post"}],"author":[{"embeddable":true,"href":"https:\/\/webciudadana.net\/index.php?rest_route=\/wp\/v2\/users\/1"}],"replies":[{"embeddable":true,"href":"https:\/\/webciudadana.net\/index.php?rest_route=%2Fwp%2Fv2%2Fcomments&post=50819"}],"version-history":[{"count":0,"href":"https:\/\/webciudadana.net\/index.php?rest_route=\/wp\/v2\/posts\/50819\/revisions"}],"wp:attachment":[{"href":"https:\/\/webciudadana.net\/index.php?rest_route=%2Fwp%2Fv2%2Fmedia&parent=50819"}],"wp:term":[{"taxonomy":"category","embeddable":true,"href":"https:\/\/webciudadana.net\/index.php?rest_route=%2Fwp%2Fv2%2Fcategories&post=50819"},{"taxonomy":"post_tag","embeddable":true,"href":"https:\/\/webciudadana.net\/index.php?rest_route=%2Fwp%2Fv2%2Ftags&post=50819"}],"curies":[{"name":"wp","href":"https:\/\/api.w.org\/{rel}","templated":true}]}}