{"id":50836,"date":"2024-03-05T16:09:20","date_gmt":"2024-03-05T15:09:20","guid":{"rendered":"https:\/\/ticker-noticiasep.microcontenidos.com\/NoticiaRSS.vbhtml?user=XRNR562DLR&amp;cod=20240305160920"},"modified":"2024-03-05T16:09:20","modified_gmt":"2024-03-05T15:09:20","slug":"pedro-ferrer-noguer-lanza-su-exclusiva-coleccion-de-vinos-con-ferrer-wines","status":"publish","type":"post","link":"https:\/\/webciudadana.net\/?p=50836","title":{"rendered":"Pedro Ferrer Noguer lanza su exclusiva Colecci\u00f3n de Vinos con Ferrer Wines"},"content":{"rendered":"\n<div><img decoding=\"async\" src=\"\/wp-content\/uploads\/sites\/2\/2024\/03\/pedro-ferrer-noguer-lanza-su-exclusiva-coleccion-de-vinos-con-ferrer-wines.jpg\" class=\"ff-og-image-inserted\"><\/div>\n<p>(Informaci\u00f3n remitida por la empresa firmante)<\/p>\n<p>\nBarcelona, 5 de marzo de 2024<\/p>\n<p>\nPedro Ferrer Noguer, uno de los reconocidos l\u00edderes empresariales y vicepresidentes y co-CEO del prestigioso Grupo Freixenet, da un paso adelante al lanzar su propia colecci\u00f3n de vinos. Adem\u00e1s de su destacado papel en Freixenet, Pedro, tambi\u00e9n presidente de Ferrer Wines y propietario de Ferrer Miranda, revela su pasi\u00f3n por la tierra, la calidad de los vinos y la autenticidad vin\u00edcola.<\/p>\n<p> Dos almas unidas: Freixenet y Ferrer Wines<\/p>\n<p>\nPedro Ferrer, economista y en\u00f3logo formado en la Polit\u00e9cnica de Madrid y la Universidad de California, con m\u00e1s de 40 a\u00f1os dedicado al mundo vitivin\u00edcola, fusiona ahora su amor por Freixenet y su conexi\u00f3n con la tierra en Ferrer Wines. Se enorgullece profundamente del \u00e9xito de Freixenet y potencia ahora su segunda alma, que se dirige a la creaci\u00f3n de vinos aut\u00e9nticos que expresan la esencia \u00fanica de variedades, tierras y climas en todo el mundo.<\/p>\n<p> Ferrer Wines: peque\u00f1as elaboraciones, enorme calidad<\/p>\n<p>\nFerrer Wines, fundada en 2019 cuando Freixenet se uni\u00f3 al grupo Henkell-Freixenet, destaca por sus peque\u00f1as fincas en regiones vitivin\u00edcolas sobresalientes. La colecci\u00f3n privada de Pedro Ferrer Noguer incluye cuatro vinos excepcionales:*Orube Selecci\u00f3n de Familia*de Rioja,*Valdub\u00f3n X*y*Honoris*de Ribera del Duero y*Bosque de Fuscallo*de R\u00edas Baixas. Adem\u00e1s, Pedro Ferrer tiene previsto enriquecer su colecci\u00f3n con otros vinos en los que su implicaci\u00f3n y dedicaci\u00f3n son fundamentales, asegurando as\u00ed la excelencia y autenticidad que caracterizan a esta colecci\u00f3n.<\/p>\n<p> La colecci\u00f3n privada pedro Ferrer Noguer: una selecci\u00f3n personal que refleja un legado y una pasi\u00f3n<\/p>\n<p>\nLa Colecci\u00f3n refleja la dedicaci\u00f3n personal de Pedro en cada etapa, desde la vendimia hasta la crianza. Cada elaboraci\u00f3n es liderada directamente por Pedro y su equipo t\u00e9cnico, encabezado por Vanesa Insausti. Esta atenci\u00f3n meticulosa se traduce en una colecci\u00f3n que ha recibido m\u00faltiples premios nacionales e internacionales en los \u00faltimos a\u00f1os.<\/p>\n<p> Sobre Ferrer Wines [@ferrerwines]<\/p>\n<p>\nFerrer Wines surge como fruto de la adquisici\u00f3n realizada por Pedro Ferrer Noguer de cuatro bodegas emblem\u00e1ticas pertenecientes al Grupo Freixenet: Valdub\u00f3n (Ribera del Duero), Orube (Rioja Alavesa), Vionta (R\u00edas Baixas) y Finca Ferrer (Valle de Uco &#8211; Argentina). Pero eso no es todo, Ferrer Wines se destaca por la producci\u00f3n de sus renombrados cavas org\u00e1nicos: Cavas Hill (adquirida en 2020), as\u00ed como por la elaboraci\u00f3n de vinos en las prestigiosas denominaciones de origen de Rueda, Monterrei, Priorat y Monsant, y tambi\u00e9n en el Valle de Cachapoal en Chile. As\u00ed como los licores gallegos de alta calidad e innovadores sabores, Habelas Hailas.*<\/p>\n<p>\nM\u00e1s informaci\u00f3n en la web de Ferrer Wines.<\/p>\n<p> Emisor: Ferrer Wines<\/p>\n<p>\nContacto<\/p>\n<p>\nEmisor: Ferrer Wines<\/p>\n<p>\nContacto: Gabinete Period\u00edstico<\/p>\n<p>\nEmail de contacto: comunicados@prensaymedios.com<\/p>\n","protected":false},"excerpt":{"rendered":"<p>(Informaci\u00f3n remitida por la empresa firmante) Barcelona, 5 de marzo de 2024 Pedro Ferrer Noguer, uno de los reconocidos l\u00edderes empresariales y vicepresidentes y co-CEO del prestigioso Grupo Freixenet, da un paso adelante al lanzar su propia colecci\u00f3n de vinos. Adem\u00e1s de su destacado papel en Freixenet, Pedro, tambi\u00e9n presidente de Ferrer Wines y propietario [&hellip;]<\/p>\n","protected":false},"author":1,"featured_media":0,"comment_status":"closed","ping_status":"closed","sticky":false,"template":"","format":"standard","meta":{"footnotes":""},"categories":[],"tags":[],"class_list":["post-50836","post","type-post","status-publish","format-standard","hentry"],"_links":{"self":[{"href":"https:\/\/webciudadana.net\/index.php?rest_route=\/wp\/v2\/posts\/50836","targetHints":{"allow":["GET"]}}],"collection":[{"href":"https:\/\/webciudadana.net\/index.php?rest_route=\/wp\/v2\/posts"}],"about":[{"href":"https:\/\/webciudadana.net\/index.php?rest_route=\/wp\/v2\/types\/post"}],"author":[{"embeddable":true,"href":"https:\/\/webciudadana.net\/index.php?rest_route=\/wp\/v2\/users\/1"}],"replies":[{"embeddable":true,"href":"https:\/\/webciudadana.net\/index.php?rest_route=%2Fwp%2Fv2%2Fcomments&post=50836"}],"version-history":[{"count":0,"href":"https:\/\/webciudadana.net\/index.php?rest_route=\/wp\/v2\/posts\/50836\/revisions"}],"wp:attachment":[{"href":"https:\/\/webciudadana.net\/index.php?rest_route=%2Fwp%2Fv2%2Fmedia&parent=50836"}],"wp:term":[{"taxonomy":"category","embeddable":true,"href":"https:\/\/webciudadana.net\/index.php?rest_route=%2Fwp%2Fv2%2Fcategories&post=50836"},{"taxonomy":"post_tag","embeddable":true,"href":"https:\/\/webciudadana.net\/index.php?rest_route=%2Fwp%2Fv2%2Ftags&post=50836"}],"curies":[{"name":"wp","href":"https:\/\/api.w.org\/{rel}","templated":true}]}}