{"id":50850,"date":"2024-03-05T18:01:52","date_gmt":"2024-03-05T17:01:52","guid":{"rendered":"https:\/\/ticker-noticiasep.microcontenidos.com\/NoticiaRSS.vbhtml?user=XRNR562DLR&amp;cod=20240305180152"},"modified":"2024-03-05T18:01:52","modified_gmt":"2024-03-05T17:01:52","slug":"lideres-empresariales-y-expertos-en-rsc-se-citan-en-el-teatro-circo-de-murcia-para-impulsar-empresas-responsables","status":"publish","type":"post","link":"https:\/\/webciudadana.net\/?p=50850","title":{"rendered":"L\u00edderes empresariales y expertos en RSC se citan en el Teatro Circo de Murcia para impulsar empresas responsables"},"content":{"rendered":"\n<div><img decoding=\"async\" src=\"\/wp-content\/uploads\/sites\/2\/2024\/03\/lideres-empresariales-y-expertos-en-rsc-se-citan-en-el-teatro-circo-de-murcia-para-impulsar-empresas-responsables.jpg\" class=\"ff-og-image-inserted\"><\/div>\n<p>La concejala de Gobierno Abierto, Promoci\u00f3n Econ\u00f3mica y Empleo, Mercedes Bernab\u00e9, presenta la jornada que se celebrar\u00e1 el 14 de marzo <\/p>\n<p> MURCIA, 5 (EUROPA PRESS)<\/p>\n<p> L\u00edderes empresariales y expertos en Responsabilidad Social Corporativa (RSC) se citar\u00e1n la semana que viene en una jornada en el Teatro Circo de Murcia para impulsar empresas responsables, seg\u00fan informaron fuentes municipales en un comunicado.<\/p>\n<p> \u00abLa RSC ha calado y se encuentra en el ADN de muchas de las empresas de reciente creaci\u00f3n, una muestra de su compromiso con la sociedad, el entorno y las acciones que les rodean\u00bb, tal y como ha se\u00f1alado el Consistorio.<\/p>\n<p> Con el objetivo de seguir impulsando este tipo de actuaciones, el Teatro Circo de Murcia acoger\u00e1 esta pr\u00f3xima semana el VI Encuentro RSC #EmpresasResponsables organizado de forma conjunta entre el Ayuntamiento de Murcia y la Asociaci\u00f3n de J\u00f3venes Empresarios de la Regi\u00f3n de Murcia (AJE).<\/p>\n<p> La jornada, presentada este martes por la concejala de Gobierno Abierto, Promoci\u00f3n Econ\u00f3mica y Empleo, Mercedes Bernab\u00e9, permitir\u00e1 que este encuentro siga consolid\u00e1ndose como el congreso de RSC m\u00e1s destacado de la Regi\u00f3n, adquiriendo adem\u00e1s en esta ocasi\u00f3n car\u00e1cter nacional, al sumarse como colaborador la Confederaci\u00f3n Espa\u00f1ola de Asociaciones de J\u00f3venes Empresarios (CEAJE) y al contar con la participaci\u00f3n de Ecoembes y Lesspack.<\/p>\n<p> Bernab\u00e9, que ha estado acompa\u00f1ada en el acto de presentaci\u00f3n por la presidenta de AJE, Almudena Abell\u00e1n P\u00e9rez, y por la directora general de Servicios Sociales, Tercer Sector y Gesti\u00f3n de la Diversidad de la Regi\u00f3n de Murcia, Mar\u00eda Jos\u00e9 de Maya Garc\u00eda, ha explicado que \u00aben el VI Encuentro RSC #EmpresasResponsables, que se celebrar\u00e1 el 14 de marzo, destacar\u00e1 la puesta en com\u00fan de las pr\u00e1cticas y experiencias en responsabilidad social corporativa de varias compa\u00f1\u00edas, reuniendo a destacados l\u00edderes empresariales, expertos en RSC y representantes de entidades comprometidas con el desarrollo sostenible\u00bb.<\/p>\n<p> El evento ser\u00e1 presentado por la influencer Anabel Hern\u00e1ndez, de Mira Qu\u00e9 Plan, y contar\u00e1 con networking empresarial, una mesa redonda, ponencias y casos de \u00e9xito que abordar\u00e1n diversas tem\u00e1ticas relacionadas con la responsabilidad social corporativa, como la econom\u00eda circular, la inclusi\u00f3n laboral de personas con discapacidad, refugiados e inmigrantes o el voluntariado corporativo en el apoyo a las familias.<\/p>\n<p> La edil ha recordado que la jornada se enmarca dentro del Plan de Empleo y Promoci\u00f3n Econ\u00f3mica del Ayuntamiento de Murcia 2024-2027, integrado por 39 actuaciones distribuidas en 3 ejes: orientaci\u00f3n, formaci\u00f3n y emprendimiento. \u00abPor lo que esta colaboraci\u00f3n evidencia el compromiso conjunto por construir un entorno empresarial m\u00e1s sostenible y \u00e9tico\u00bb, apunta Mercedes Bernab\u00e9.<\/p>\n<p> Por su parte, la presidenta de AJE Regi\u00f3n de Murcia expresa su entusiasmo por la celebraci\u00f3n de la sexta edici\u00f3n de este encuentro, ya que \u00abla RSC es un pilar fundamental para el desarrollo sostenible y la contribuci\u00f3n al bienestar de la sociedad\u00bb. El VI Encuentro RSC #EmpresasResponsables contar\u00e1 tambi\u00e9n con la participaci\u00f3n de entidades como Fundaci\u00f3n La Caixa, Bodegas Juan Gil, Grupo Orenes, Konery, Arkesano, la C\u00e1tedra de RSC de la Universidad de Murcia y la C\u00e1tedra Internacional de RSC de la UCAM, entre otros.<\/p>\n<p>\nPROGRAMA DEL ENCUENTRO<\/p>\n<p> La jornada comenzar\u00e1 a las 9.30 horas con la apertura de puertas seguida a las 10.00 horas con la bienvenida institucional. A las 10.15 horas se desarrollar\u00e1 la charla &#8216;Inserci\u00f3n laboral y empat\u00eda en la empresa&#8217; a cargo de Gin\u00e9s \u00c1ngel Garc\u00eda, CEO de Konery.<\/p>\n<p> A las 10.30 horas ser\u00e1 la charla &#8216;Caixabank caso Mayores&#8217; impartida por Rocio Vera, responsable de Espacio Fundaci\u00f3n \u00abla Caixa\u00bb Murcia y M\u00aa \u00c1ngeles Benet, usuaria y voluntaria del centro.<\/p>\n<p> A las 10.50 horas tendr\u00e1 lugar la charla &#8216;Voluntariado Corporativo, familia y cultura en la RSC&#8217; por Beatriz Salazar, Coordinadora de RSC y Comunicaci\u00f3n en Grupo Orenes.<\/p>\n<p> Tras una pausa para el caf\u00e9, la jornada se retomar\u00e1 a las 11.50 horas con &#8216;Centros especiales de empleo&#8217; a cargo de Juan Antonio L\u00f3pez y Eduardo, trabajador Maguey Green; y a las 12.10 horas con &#8216;LessPack&#8217; a cargo de Javier Miranda de la Asociaci\u00f3n Vertidos Cero.<\/p>\n<p> A las 12.25 horas, ser\u00e1 la chalra &#8216;Ecoembes. Ayudas a empresas y territorios para la Econom\u00eda Circular&#8217; de Virginia Moreno Medina. Responsable de Relaciones Institucionales Ecoembes.<\/p>\n<p> M\u00e1s adelante, a las 12.35 horas, habr\u00e1 una mesa redonda antes de cerrar a las 13.15 horas con una charla sobre &#8216;Protecci\u00f3n internacional&#8217;.<\/p>\n","protected":false},"excerpt":{"rendered":"<p>La concejala de Gobierno Abierto, Promoci\u00f3n Econ\u00f3mica y Empleo, Mercedes Bernab\u00e9, presenta la jornada que se celebrar\u00e1 el 14 de marzo MURCIA, 5 (EUROPA PRESS) L\u00edderes empresariales y expertos en Responsabilidad Social Corporativa (RSC) se citar\u00e1n la semana que viene en una jornada en el Teatro Circo de Murcia para impulsar empresas responsables, seg\u00fan informaron [&hellip;]<\/p>\n","protected":false},"author":1,"featured_media":0,"comment_status":"closed","ping_status":"closed","sticky":false,"template":"","format":"standard","meta":{"footnotes":""},"categories":[],"tags":[],"class_list":["post-50850","post","type-post","status-publish","format-standard","hentry"],"_links":{"self":[{"href":"https:\/\/webciudadana.net\/index.php?rest_route=\/wp\/v2\/posts\/50850","targetHints":{"allow":["GET"]}}],"collection":[{"href":"https:\/\/webciudadana.net\/index.php?rest_route=\/wp\/v2\/posts"}],"about":[{"href":"https:\/\/webciudadana.net\/index.php?rest_route=\/wp\/v2\/types\/post"}],"author":[{"embeddable":true,"href":"https:\/\/webciudadana.net\/index.php?rest_route=\/wp\/v2\/users\/1"}],"replies":[{"embeddable":true,"href":"https:\/\/webciudadana.net\/index.php?rest_route=%2Fwp%2Fv2%2Fcomments&post=50850"}],"version-history":[{"count":0,"href":"https:\/\/webciudadana.net\/index.php?rest_route=\/wp\/v2\/posts\/50850\/revisions"}],"wp:attachment":[{"href":"https:\/\/webciudadana.net\/index.php?rest_route=%2Fwp%2Fv2%2Fmedia&parent=50850"}],"wp:term":[{"taxonomy":"category","embeddable":true,"href":"https:\/\/webciudadana.net\/index.php?rest_route=%2Fwp%2Fv2%2Fcategories&post=50850"},{"taxonomy":"post_tag","embeddable":true,"href":"https:\/\/webciudadana.net\/index.php?rest_route=%2Fwp%2Fv2%2Ftags&post=50850"}],"curies":[{"name":"wp","href":"https:\/\/api.w.org\/{rel}","templated":true}]}}