{"id":50853,"date":"2024-03-05T18:39:47","date_gmt":"2024-03-05T17:39:47","guid":{"rendered":"https:\/\/ticker-noticiasep.microcontenidos.com\/NoticiaRSS.vbhtml?user=XRNR562DLR&amp;cod=20240305183947"},"modified":"2024-03-05T18:39:47","modified_gmt":"2024-03-05T17:39:47","slug":"bolsa-social-preve-captar-47-millones-de-euros-para-un-ecoedificio-colaborativo-en-madrid","status":"publish","type":"post","link":"https:\/\/webciudadana.net\/?p=50853","title":{"rendered":"Bolsa Social prev\u00e9 captar 4,7 millones de euros para un &#8216;ecoedificio colaborativo&#8217; en Madrid"},"content":{"rendered":"\n<div><img decoding=\"async\" src=\"\/wp-content\/uploads\/sites\/2\/2024\/03\/bolsa-social-preve-captar-47-millones-de-euros-para-un-ecoedificio-colaborativo-en-madrid.jpg\" class=\"ff-og-image-inserted\"><\/div>\n<p> MADRID, 5 (EUROPA PRESS)<\/p>\n<p> Bolsa Social ha comunicado este martes que acoger\u00e1 la ronda de inversi\u00f3n de la promotora inmobiliaria Distrito Natural con la que prev\u00e9n captar 4,7 millones de euros para la construcci\u00f3n del proyecto &#8216;Entre Generaciones&#8217;, un &#8216;ecoedificio colaborativo&#8217; en Madrid que recibir\u00eda el nombre de Talco.<\/p>\n<p> La plataforma de financiaci\u00f3n participativa ha detallado en una nota de prensa que es posible participar en la ronda a partir de una inversi\u00f3n m\u00ednima de 1.000 euros, en tanto que el proyecto residencial se situar\u00eda en el distrito de Villaverde (sur de la capital) y constar\u00eda de 17 viviendas de alquiler asequible para j\u00f3venes de hasta 35 a\u00f1os.<\/p>\n<p> El proyecto destacar\u00e1, seg\u00fan la promotora, por la disposici\u00f3n de espacios comunes para fomentar las relaciones intergeneracionales entre los inquilinos y las personas mayores del barrio a trav\u00e9s de actividades de acompa\u00f1amiento, talleres o el intercambio de conocimientos.<\/p>\n<p> En ese sentido, ha remarcado que el edificio est\u00e1 planteado como un modelo de vivienda colaborativa y de cohesi\u00f3n social, en tanto que funcionar\u00eda \u00edntegramente con energ\u00edas renovables.<\/p>\n<p> El consejero de Bolsa Social, Fernando Summers, ha aducido que con esta propuesta ofrecen a los inversores \u00abla oportunidad de participar en un proyecto innovador con un alto impacto social y ambiental\u00bb.<\/p>\n<p> \u00abConfiamos en que [&#8230;] Distrito Natural consiga el capital necesario para que, pronto, el edificio Talco y todo lo que representa est\u00e9 transformando la realidad social del barrio de Villaverde\u00bb, ha agregado.<\/p>\n","protected":false},"excerpt":{"rendered":"<p>MADRID, 5 (EUROPA PRESS) Bolsa Social ha comunicado este martes que acoger\u00e1 la ronda de inversi\u00f3n de la promotora inmobiliaria Distrito Natural con la que prev\u00e9n captar 4,7 millones de euros para la construcci\u00f3n del proyecto &#8216;Entre Generaciones&#8217;, un &#8216;ecoedificio colaborativo&#8217; en Madrid que recibir\u00eda el nombre de Talco. La plataforma de financiaci\u00f3n participativa ha [&hellip;]<\/p>\n","protected":false},"author":1,"featured_media":0,"comment_status":"closed","ping_status":"closed","sticky":false,"template":"","format":"standard","meta":{"footnotes":""},"categories":[],"tags":[],"class_list":["post-50853","post","type-post","status-publish","format-standard","hentry"],"_links":{"self":[{"href":"https:\/\/webciudadana.net\/index.php?rest_route=\/wp\/v2\/posts\/50853","targetHints":{"allow":["GET"]}}],"collection":[{"href":"https:\/\/webciudadana.net\/index.php?rest_route=\/wp\/v2\/posts"}],"about":[{"href":"https:\/\/webciudadana.net\/index.php?rest_route=\/wp\/v2\/types\/post"}],"author":[{"embeddable":true,"href":"https:\/\/webciudadana.net\/index.php?rest_route=\/wp\/v2\/users\/1"}],"replies":[{"embeddable":true,"href":"https:\/\/webciudadana.net\/index.php?rest_route=%2Fwp%2Fv2%2Fcomments&post=50853"}],"version-history":[{"count":0,"href":"https:\/\/webciudadana.net\/index.php?rest_route=\/wp\/v2\/posts\/50853\/revisions"}],"wp:attachment":[{"href":"https:\/\/webciudadana.net\/index.php?rest_route=%2Fwp%2Fv2%2Fmedia&parent=50853"}],"wp:term":[{"taxonomy":"category","embeddable":true,"href":"https:\/\/webciudadana.net\/index.php?rest_route=%2Fwp%2Fv2%2Fcategories&post=50853"},{"taxonomy":"post_tag","embeddable":true,"href":"https:\/\/webciudadana.net\/index.php?rest_route=%2Fwp%2Fv2%2Ftags&post=50853"}],"curies":[{"name":"wp","href":"https:\/\/api.w.org\/{rel}","templated":true}]}}