{"id":50862,"date":"2024-03-06T09:01:25","date_gmt":"2024-03-06T08:01:25","guid":{"rendered":"https:\/\/ticker-noticiasep.microcontenidos.com\/NoticiaRSS.vbhtml?user=XRNR562DLR&amp;cod=20240306090125"},"modified":"2024-03-06T09:01:25","modified_gmt":"2024-03-06T08:01:25","slug":"mundo-aicep-las-ciudades-portuguesas-apuestan-por-la-movilidad-inteligente","status":"publish","type":"post","link":"https:\/\/webciudadana.net\/?p=50862","title":{"rendered":"Mundo: AICEP &#8211; Las ciudades portuguesas apuestan por la movilidad inteligente"},"content":{"rendered":"\n<p>(Informaci\u00f3n remitida por la empresa firmante)<\/p>\n<p>\nLISBOA, Portugal, 6 de marzo de 2024 \/PRNewswire\/ &#8212; La movilidad inteligente en las ciudades contempor\u00e1neas ofrece soluciones innovadoras y sostenibles para responder al objetivo de la creciente descarbonizaci\u00f3n del planeta. La movilidad suave y la movilidad el\u00e9ctrica son una realidad en las ciudades portuguesas.<\/p>\n<p> La movilidad inteligente es actualmente una apuesta fuerte de los municipios portugueses, con el objetivo de reducir las emisiones de gases contaminantes y la consiguiente mejora de la calidad del aire, la reducci\u00f3n del ruido urbano y la creaci\u00f3n de espacios p\u00fablicos m\u00e1s verdes y sostenibles.<\/p>\n<p> La apuesta por las redes compartidas de bicicletas y veh\u00edculos el\u00e9ctricos desempe\u00f1a un papel crucial en el desarrollo de las ciudades inteligentes, ofreciendo soluciones de movilidad urbana m\u00e1s eficientes que garantizan una serie de beneficios que van m\u00e1s all\u00e1 de la simple locomoci\u00f3n.<\/p>\n<p> EMEL, empresa responsable del servicio de bicicletas GIRA en Lisboa, inaugur\u00f3 recientemente nuevas estaciones, elevando el n\u00famero total a 146 estaciones y 2.873 aparcamientos. Una ampliaci\u00f3n que pretende mejorar el funcionamiento del servicio en la ciudad de Lisboa, proporcionando una mayor comodidad a los usuarios. Los titulares de la tarjeta Navegante (abono para el transporte p\u00fablico en el \u00e1rea metropolitana de Lisboa) tienen ahora acceso gratuito a la red de bicicletas compartidas. Esta integraci\u00f3n entre los diferentes modos de transporte fomenta la adopci\u00f3n de opciones m\u00e1s sostenibles y contribuye a una reducci\u00f3n significativa del tr\u00e1fico y la contaminaci\u00f3n en las calles de Lisboa.<\/p>\n<p> En Oeiras, la autoridad local formaliz\u00f3 un protocolo con el consorcio Megellan 500 para la implantaci\u00f3n de un proyecto de Movilidad El\u00e9ctrica A\u00e9rea en el municipio. Est\u00e1 destinado al transporte de pasajeros y consiste en la instalaci\u00f3n de vertiports para aeronaves base eVTOL &#8211; veh\u00edculos el\u00e9ctricos con despegue vertical. Esta tecnolog\u00eda ha surgido gracias a los grandes avances en propulsi\u00f3n el\u00e9ctrica y a la creciente necesidad de nuevos veh\u00edculos para la movilidad a\u00e9rea urbana. Se calcula que el sistema estar\u00e1 operativo en un plazo de seis a\u00f1os.<\/p>\n<p>\nEl Salic\u00f3rnia, primer transbordador el\u00e9ctrico de la Pen\u00ednsula Ib\u00e9rica, circula entre S\u00e3o Jacinto y Forte da Barra, en Aveiro. El Salic\u00f3rnia reducir\u00e1 las emisiones contaminantes en m\u00e1s de 300 toneladas de CO2 en comparaci\u00f3n con el modelo actual y disminuir\u00e1 el consumo de energ\u00eda en cerca de un 30%. El consorcio formado por Ahlers Lindley, LDA. y ETG \u2013 Empresa de Gest\u00e3o e Transporte S.A. es el encargado de implantar los sistemas de carga necesarios para el funcionamiento del ferry.<\/p>\n<p> Foto &#8211; https:\/\/mma.prnewswire.com\/media\/2348957\/AICEP.jpg<\/p>\n<p>\nLogo &#8212; https:\/\/mma.prnewswire.com\/media\/2272809\/AICEP_Logo.jpg<\/p>\n<p> View original content to download multimedia:https:\/\/www.prnewswire.com\/es\/comunicados-de-prensa\/aicep&#8212;las-ciudades-portuguesas-apuestan-por-la-movilidad-inteligente-302072910.html<\/p>\n","protected":false},"excerpt":{"rendered":"<p>(Informaci\u00f3n remitida por la empresa firmante) LISBOA, Portugal, 6 de marzo de 2024 \/PRNewswire\/ &#8212; La movilidad inteligente en las ciudades contempor\u00e1neas ofrece soluciones innovadoras y sostenibles para responder al objetivo de la creciente descarbonizaci\u00f3n del planeta. La movilidad suave y la movilidad el\u00e9ctrica son una realidad en las ciudades portuguesas. La movilidad inteligente es [&hellip;]<\/p>\n","protected":false},"author":1,"featured_media":0,"comment_status":"closed","ping_status":"closed","sticky":false,"template":"","format":"standard","meta":{"footnotes":""},"categories":[],"tags":[],"class_list":["post-50862","post","type-post","status-publish","format-standard","hentry"],"_links":{"self":[{"href":"https:\/\/webciudadana.net\/index.php?rest_route=\/wp\/v2\/posts\/50862","targetHints":{"allow":["GET"]}}],"collection":[{"href":"https:\/\/webciudadana.net\/index.php?rest_route=\/wp\/v2\/posts"}],"about":[{"href":"https:\/\/webciudadana.net\/index.php?rest_route=\/wp\/v2\/types\/post"}],"author":[{"embeddable":true,"href":"https:\/\/webciudadana.net\/index.php?rest_route=\/wp\/v2\/users\/1"}],"replies":[{"embeddable":true,"href":"https:\/\/webciudadana.net\/index.php?rest_route=%2Fwp%2Fv2%2Fcomments&post=50862"}],"version-history":[{"count":0,"href":"https:\/\/webciudadana.net\/index.php?rest_route=\/wp\/v2\/posts\/50862\/revisions"}],"wp:attachment":[{"href":"https:\/\/webciudadana.net\/index.php?rest_route=%2Fwp%2Fv2%2Fmedia&parent=50862"}],"wp:term":[{"taxonomy":"category","embeddable":true,"href":"https:\/\/webciudadana.net\/index.php?rest_route=%2Fwp%2Fv2%2Fcategories&post=50862"},{"taxonomy":"post_tag","embeddable":true,"href":"https:\/\/webciudadana.net\/index.php?rest_route=%2Fwp%2Fv2%2Ftags&post=50862"}],"curies":[{"name":"wp","href":"https:\/\/api.w.org\/{rel}","templated":true}]}}