{"id":50868,"date":"2024-03-06T11:00:49","date_gmt":"2024-03-06T10:00:49","guid":{"rendered":"https:\/\/ticker-noticiasep.microcontenidos.com\/NoticiaRSS.vbhtml?user=XRNR562DLR&amp;cod=20240306110049"},"modified":"2024-03-06T11:00:49","modified_gmt":"2024-03-06T10:00:49","slug":"mapfre-logra-paridad-de-genero-en-su-consejo-de-administracion-y-avanza-hacia-la-equidad-en-cargos-de-responsabilidad","status":"publish","type":"post","link":"https:\/\/webciudadana.net\/?p=50868","title":{"rendered":"Mapfre logra paridad de g\u00e9nero en su consejo de administraci\u00f3n y avanza hacia la equidad en cargos de responsabilidad"},"content":{"rendered":"\n<p> MADRID, 6 (EUROPA PRESS)<\/p>\n<p> Mapfre ha alcanzado la paridad de g\u00e9nero en el consejo de administraci\u00f3n (46,7%) &#8211;formado por el presidente y siete consejeros y siete consejeras&#8211; y avanza hacia la equidad en puestos de responsabilidad (42,5%), seg\u00fan ha informado la compa\u00f1\u00eda, que actualmente cuenta con 31.000 empleados en todo el mundo, de los cuales m\u00e1s de la mitad (55,4%) son mujeres.<\/p>\n<p> Con motivo del D\u00eda de la Mujer Trabajadora, la aseguradora ha afirmado que, en general, las empresas \u00abhan dado muchos pasos\u00bb en materia de igualdad de g\u00e9nero, pero ve necesario seguir avanzando para acelerar el cierre de las desigualdades hist\u00f3ricas que se vienen arrastrando.<\/p>\n<p> En este sentido, el director general adjunto del \u00c1rea Corporativa de Personas y Organizaci\u00f3n de Mapfre, Juan Carlos Rondeau, ha asegurado que \u00abla responsabilidad empresarial no solo se basa en contribuir al progreso econ\u00f3mico, sino tambi\u00e9n a la transformaci\u00f3n de la sociedad, a reducir esas brechas de desigualdad que tienen un importante impacto en el progreso social y econ\u00f3mico\u00bb.<\/p>\n<p> En su caso, Mapfre ha mejorado su objetivo previsto al situar la brecha salarial heredada en el +\/-1%, alcanzado un 0,9 a cierre de 2023. Adem\u00e1s, sus empleadas representan m\u00e1s de la mitad de las promociones internas (50,8%) y de nuevas incorporaciones (54,8%) en 2023, seg\u00fan ha indicado la aseguradora en una nota de prensa.<\/p>\n<p>\nIV PLAN DE IGUALDAD<\/p>\n<p> Desde 2010, la compa\u00f1\u00eda ha implementado una Pol\u00edtica de Diversidad e Igualdad de Oportunidades para cumplir con sus compromisos en esta \u00e1rea, incluido el aumento del porcentaje de mujeres en puestos directivos, actualmente en un 33,1%.<\/p>\n<p> Su Plan de Igualdad m\u00e1s reciente, en vigor desde el a\u00f1o pasado y hasta marzo de 2027, incorpora medidas en nueve \u00e1reas, como la prevenci\u00f3n del acoso sexual y por raz\u00f3n de sexo, la formaci\u00f3n en igualdad y sesgos, y la creaci\u00f3n de recursos para v\u00edctimas de violencia de g\u00e9nero en la intranet corporativa.<\/p>\n<p>\nPROFESIONES STEM<\/p>\n<p> Mapfre ha implementado a lo largo de estos a\u00f1os acciones concretas que promueven el papel de la mujer en la empresa, como las Redes de Liderazgo Femenino en varios pa\u00edses, con el fin de fomentar la igualdad efectiva de mujeres y hombres y aumentar la presencia femenina en puestos de responsabilidad.<\/p>\n<p> Adem\u00e1s, organiza talleres y encuentros internos de mujeres para identificar puntos clave que favorezcan su promoci\u00f3n profesional, y promueve iniciativas como #ChicasImparables, una \u00abRuta de Liderazgo\u00bb dirigida a j\u00f3venes de entre 15 y 18 a\u00f1os en Espa\u00f1a, con el prop\u00f3sito de desarrollar habilidades de liderazgo y emprendimiento.<\/p>\n","protected":false},"excerpt":{"rendered":"<p>MADRID, 6 (EUROPA PRESS) Mapfre ha alcanzado la paridad de g\u00e9nero en el consejo de administraci\u00f3n (46,7%) &#8211;formado por el presidente y siete consejeros y siete consejeras&#8211; y avanza hacia la equidad en puestos de responsabilidad (42,5%), seg\u00fan ha informado la compa\u00f1\u00eda, que actualmente cuenta con 31.000 empleados en todo el mundo, de los cuales [&hellip;]<\/p>\n","protected":false},"author":1,"featured_media":0,"comment_status":"closed","ping_status":"closed","sticky":false,"template":"","format":"standard","meta":{"footnotes":""},"categories":[],"tags":[],"class_list":["post-50868","post","type-post","status-publish","format-standard","hentry"],"_links":{"self":[{"href":"https:\/\/webciudadana.net\/index.php?rest_route=\/wp\/v2\/posts\/50868","targetHints":{"allow":["GET"]}}],"collection":[{"href":"https:\/\/webciudadana.net\/index.php?rest_route=\/wp\/v2\/posts"}],"about":[{"href":"https:\/\/webciudadana.net\/index.php?rest_route=\/wp\/v2\/types\/post"}],"author":[{"embeddable":true,"href":"https:\/\/webciudadana.net\/index.php?rest_route=\/wp\/v2\/users\/1"}],"replies":[{"embeddable":true,"href":"https:\/\/webciudadana.net\/index.php?rest_route=%2Fwp%2Fv2%2Fcomments&post=50868"}],"version-history":[{"count":0,"href":"https:\/\/webciudadana.net\/index.php?rest_route=\/wp\/v2\/posts\/50868\/revisions"}],"wp:attachment":[{"href":"https:\/\/webciudadana.net\/index.php?rest_route=%2Fwp%2Fv2%2Fmedia&parent=50868"}],"wp:term":[{"taxonomy":"category","embeddable":true,"href":"https:\/\/webciudadana.net\/index.php?rest_route=%2Fwp%2Fv2%2Fcategories&post=50868"},{"taxonomy":"post_tag","embeddable":true,"href":"https:\/\/webciudadana.net\/index.php?rest_route=%2Fwp%2Fv2%2Ftags&post=50868"}],"curies":[{"name":"wp","href":"https:\/\/api.w.org\/{rel}","templated":true}]}}