{"id":50883,"date":"2024-03-06T13:19:47","date_gmt":"2024-03-06T12:19:47","guid":{"rendered":"https:\/\/ticker-noticiasep.microcontenidos.com\/NoticiaRSS.vbhtml?user=XRNR562DLR&amp;cod=20240306131947"},"modified":"2024-03-06T13:19:47","modified_gmt":"2024-03-06T12:19:47","slug":"fundacion-sm-y-ceu-uch-inauguran-el-aula-seminario-juntos-cuidamos-la-educacion","status":"publish","type":"post","link":"https:\/\/webciudadana.net\/?p=50883","title":{"rendered":"Fundaci\u00f3n SM y CEU UCH inauguran el Aula Seminario \u00abJuntos cuidamos la Educaci\u00f3n\u00bb"},"content":{"rendered":"\n<div><img decoding=\"async\" src=\"\/wp-content\/uploads\/sites\/2\/2024\/03\/fundacion-sm-y-ceu-uch-inauguran-el-aula-seminario-juntos-cuidamos-la-educacion.jpg\" class=\"ff-og-image-inserted\"><\/div>\n<p>(Informaci\u00f3n remitida por la empresa firmante)<\/p>\n<p> &#8211; Con este proyecto, arrancan los Seminarios CEU Empresa que quieren ser un punto de encuentro Universidad-empresa para potenciar las competencias y habilidades de empleabilidad de los estudiantes.<\/p>\n<p> &#8211; Los Seminarios CEU Empresa se crean espec\u00edficamente para cada instituci\u00f3n, con el objetivo de fomentar actividades relacionadas con su \u00e1mbito de actuaci\u00f3n, y tendr\u00e1n una duraci\u00f3n de entre uno y dos cursos acad\u00e9micos en la Facultad de Humanidades y Ciencias de la Comunicaci\u00f3n.<\/p>\n<p> Valencia, 6 de marzo de 2024.- La Universidad CEU Cardenal Herrera y la Fundaci\u00f3n SM han inaugurado el Seminario Permanente \u00abJuntos cuidamos la educaci\u00f3n\u00bb. Se trata del primer Aula Seminario CEU Empresa, un espacio de innovaci\u00f3n docente que facilita la relaci\u00f3n entre la formaci\u00f3n universitaria y la realidad profesional, potenciando la adaptaci\u00f3n de los estudiantes a las exigencias del mundo profesional.<\/p>\n<p> La inauguraci\u00f3n de este Seminario Permanente Fundaci\u00f3n SM &#8211; CEU ha contado con la presencia de la directora general de la Fundaci\u00f3n SM, Mayte Ortiz, adem\u00e1s del rector de la CEU UCH, Higinio Mar\u00edn, y el director de Desarrollo Institucional de la Universidad, Jos\u00e9 Manuel Amiguet.<\/p>\n<p> Seminarios CEU Empresa <\/p>\n<p> El Seminario \u00abJuntos cuidamos la educaci\u00f3n\u00bb inaugura esta nueva iniciativa de la CEU UCH que quiere ser un punto de encuentro Universidad-empresa, destinado a potenciar la adaptaci\u00f3n de los estudiantes a las exigencias del mundo profesional.<\/p>\n<p> \u00abEl proyecto consiste en crear espacios docentes donde las empresas tienen un protagonismo clave, ya que definen los contenidos de las actividades e introducen a los profesionales en el aula para impartir conocimiento, plantear retos o proponer otras din\u00e1micas, accediendo directamente al talento joven\u00bb, ha destacado el director de Desarrollo Institucional de la Universidad, Jos\u00e9 Manuel Amiguet.<\/p>\n<p> \u00abSe trata de crear un punto de encuentro real en el que confluyen el saber hacer de la empresa con el fomento de las competencias y habilidades de los estudiantes cara a su futuro profesional\u00bb, ha subrayado.<\/p>\n<p> Los Seminarios CEU Empresa se crean espec\u00edficamente para cada instituci\u00f3n, con el objetivo de fomentar actividades relacionadas con su \u00e1mbito de actuaci\u00f3n, y tendr\u00e1n una duraci\u00f3n de entre uno y dos cursos acad\u00e9micos.<\/p>\n<p> Una escuela que cuida <\/p>\n<p> El Seminario Fundaci\u00f3n SM &#8211; CEU tendr\u00e1 su sede permanente en el Aula 214 de la Facultad de Humanidades y Ciencias de la Comunicaci\u00f3n, que se ha acondicionado de forma especial con referencias a la Fundaci\u00f3n SM y al hilo conductor de las diferentes actividades que se van a desarrollar en este entorno centradas en la Educaci\u00f3n.<\/p>\n<p> Precisamente, con la conferencia \u00ab\u00bfQu\u00e9 es una escuela que cuida?\u00bb a cargo de la directora general de la Fundaci\u00f3n SM, se ha inaugurado este Seminario. En su intervenci\u00f3n, Mayte Ortiz ha subrayado tres caracter\u00edsticas que definen una escuela de cuida: aquella que forma ciudadanos capaces de resolver retos globales, en el marco de un sistema relacional, y que favorece el compromiso con la \u00e9tica del cuidado. Porque \u00abnos educamos para el bien com\u00fan, el bien de todos\u00bb, ha destacado.<\/p>\n<p> La directora general de la Fundaci\u00f3n SM ha se\u00f1alado el valor de la puesta en marcha de este Seminario Fundaci\u00f3n SM &#8211; CEU, \u00abtrabajar juntos es una manera de tener docentes mejor formados\u00bb.<\/p>\n<p> La inauguraci\u00f3n del Aula Seminario se ha cerrado con un coloquio sobre la \u00e9tica del cuidado como paradigma educativo, entre Mayte Ortiz, estudiantes y profesores asistentes.<\/p>\n<p> La Fundaci\u00f3n SM <\/p>\n<p> La Fundaci\u00f3n SM es una instituci\u00f3n educativa sin \u00e1nimo de lucro que trabaja para que, a trav\u00e9s de la educaci\u00f3n y la cultura, ninguna ni\u00f1a ni ning\u00fan ni\u00f1o se quede atr\u00e1s. Orienta todas sus iniciativas a la mejora de la equidad y calidad educativa desde cuatro \u00e1reas de intervenci\u00f3n: Investigaci\u00f3n Educativa, Proyectos Asistenciales Socioeducativos, Capacitaci\u00f3n Docente y Proyectos Educativos de Innovaci\u00f3n Editorial.<\/p>\n<p> Lo avalan m\u00e1s de cuarenta y cinco a\u00f1os de experiencia en el desarrollo de proyectos educativos y culturales en Espa\u00f1a y pa\u00edses de Iberoam\u00e9rica. La Fundaci\u00f3n SM destina los beneficios derivados de la actividad empresarial de SM a programas que, a trav\u00e9s de la educaci\u00f3n, buscan contribuir a un mundo m\u00e1s inclusivo, justo, pac\u00edfico y sostenible.<\/p>\n<p> Comunicaci\u00f3n SM Espa\u00f1a <\/p>\n<p> comunicacionsm@info.grupo-sm.com <\/p>\n<p> Carmen Palomino &#8211; (34) 649 454 680 <\/p>\n<p> Goretti Redondo &#8211; (34) 664 779 481<\/p>\n<p> www.grupo-sm.com\/es<\/p>\n","protected":false},"excerpt":{"rendered":"<p>(Informaci\u00f3n remitida por la empresa firmante) &#8211; Con este proyecto, arrancan los Seminarios CEU Empresa que quieren ser un punto de encuentro Universidad-empresa para potenciar las competencias y habilidades de empleabilidad de los estudiantes. &#8211; Los Seminarios CEU Empresa se crean espec\u00edficamente para cada instituci\u00f3n, con el objetivo de fomentar actividades relacionadas con su \u00e1mbito [&hellip;]<\/p>\n","protected":false},"author":1,"featured_media":0,"comment_status":"closed","ping_status":"closed","sticky":false,"template":"","format":"standard","meta":{"footnotes":""},"categories":[],"tags":[],"class_list":["post-50883","post","type-post","status-publish","format-standard","hentry"],"_links":{"self":[{"href":"https:\/\/webciudadana.net\/index.php?rest_route=\/wp\/v2\/posts\/50883","targetHints":{"allow":["GET"]}}],"collection":[{"href":"https:\/\/webciudadana.net\/index.php?rest_route=\/wp\/v2\/posts"}],"about":[{"href":"https:\/\/webciudadana.net\/index.php?rest_route=\/wp\/v2\/types\/post"}],"author":[{"embeddable":true,"href":"https:\/\/webciudadana.net\/index.php?rest_route=\/wp\/v2\/users\/1"}],"replies":[{"embeddable":true,"href":"https:\/\/webciudadana.net\/index.php?rest_route=%2Fwp%2Fv2%2Fcomments&post=50883"}],"version-history":[{"count":0,"href":"https:\/\/webciudadana.net\/index.php?rest_route=\/wp\/v2\/posts\/50883\/revisions"}],"wp:attachment":[{"href":"https:\/\/webciudadana.net\/index.php?rest_route=%2Fwp%2Fv2%2Fmedia&parent=50883"}],"wp:term":[{"taxonomy":"category","embeddable":true,"href":"https:\/\/webciudadana.net\/index.php?rest_route=%2Fwp%2Fv2%2Fcategories&post=50883"},{"taxonomy":"post_tag","embeddable":true,"href":"https:\/\/webciudadana.net\/index.php?rest_route=%2Fwp%2Fv2%2Ftags&post=50883"}],"curies":[{"name":"wp","href":"https:\/\/api.w.org\/{rel}","templated":true}]}}