{"id":50886,"date":"2024-03-06T13:23:05","date_gmt":"2024-03-06T12:23:05","guid":{"rendered":"https:\/\/ticker-noticiasep.microcontenidos.com\/NoticiaRSS.vbhtml?user=XRNR562DLR&amp;cod=20240306132305"},"modified":"2024-03-06T13:23:05","modified_gmt":"2024-03-06T12:23:05","slug":"salud-catedra-wecare-destaca-la-importancia-de-evaluar-el-deseo-de-adelantar-la-muerte-para-paliar-el-sufrimiento","status":"publish","type":"post","link":"https:\/\/webciudadana.net\/?p=50886","title":{"rendered":"Salud: C\u00e1tedra WeCare destaca la importancia de evaluar el deseo de adelantar la muerte para paliar el sufrimiento"},"content":{"rendered":"\n<div><img decoding=\"async\" src=\"\/wp-content\/uploads\/sites\/2\/2024\/03\/salud-catedra-wecare-destaca-la-importancia-de-evaluar-el-deseo-de-adelantar-la-muerte-para-paliar-el-sufrimiento.jpg\" class=\"ff-og-image-inserted\"><\/div>\n<p>(Informaci\u00f3n remitida por la empresa firmante)<\/p>\n<p>\nEl Workshop internacional organizado por la C\u00e1tedra WeCare de UIC Barcelona ha celebrado su 10\u00aa edici\u00f3n reuniendo a expertos y profesionales del \u00e1mbito de la salud <\/p>\n<p>\nDurante el workshop se ha debatido sobre la importancia de evaluar de manera sistem\u00e1tica las necesidades de las personas que requieren atenci\u00f3n paliativa, as\u00ed como sobre el apoyo a los profesionales que deben tomar decisiones \u00e9ticas ante el sufrimiento al final de la vida.<\/p>\n<p> Barcelona, 6 de marzo de 2024.- La Universitat Internacional de Catalunya (UIC Barcelona) ha acogido una nueva edici\u00f3n del workshop internacional, que este a\u00f1o ha celebrado su d\u00e9cimo aniversario, organizado por la C\u00e1tedra WeCare con la colaboraci\u00f3n de \u00c1ltima y el Institut Catal\u00e0 d&#8217;Oncologia. Bajo el t\u00edtulo \u00abLos profesionales ante las necesidades paliativas y el sufrimiento\u00bb, el encuentro reuni\u00f3 el pasado viernes 1 de marzo a profesionales de la medicina, la enfermer\u00eda, la psicolog\u00eda, el trabajo social, y otros \u00e1mbitos que tienen contacto con pacientes en la etapa final de la vida.<\/p>\n<p> \u00abActualmente un 35% de los pacientes ingresados en hospitales espa\u00f1oles necesita atenci\u00f3n paliativa. Esto refuerza la necesidad de contar con equipos multidisciplinares especializados en cuidados paliativos que puedan atender de manera integral y humana las necesidades de los pacientes en la etapa final de la vida y de sus familias\u00bb, afirma el Dr. Joaquim Juli\u00e0, co-director de la C\u00e1tedra WeCare. En esta d\u00e9cima edici\u00f3n del workshop- ha destacado el Dr. Juli\u00e0- quer\u00edamos compartir con los profesionales de la medicina, la enfermer\u00eda, la psicolog\u00eda y el trabajo social las distintas herramientas con las que contamos para evaluar de manera sistem\u00e1tica las necesidades de las personas que requieren atenci\u00f3n paliativa, sin olvidar el apoyo y acompa\u00f1amiento que tambi\u00e9n necesitamos los profesionales de la salud para tomar las mejores decisiones en este \u00e1mbito\u00bb.<\/p>\n<p> El encuentro cont\u00f3 con la asistencia de m\u00e1s de 130 profesionales de la salud procedentes de universidades de toda Espa\u00f1a, hospitales y centros de atenci\u00f3n primaria, as\u00ed como de entidades y asociaciones como \u00c1ltima o el Institut Catal\u00e0 d&#8217;Oncologia<\/p>\n<p> El Dr. Miguel Fombuena, jefe del Servicio de Medicina Interna del Hospital Dr. Moliner de Valencia, fue el encargado de abrir la jornada con la conferencia inaugural \u00abAtenci\u00f3n de las necesidades paliativas para reducir el sufrimiento en la enfermedad avanzada\u00bb. En su intervenci\u00f3n, Fombuena describi\u00f3 los cuidados paliativos como \u00abla medicina de nunca dejar solo\u00bb, y destac\u00f3 la importancia del trabajo en equipo y el autocuidado de los profesionales para para reducir su sufrimiento y poder acompa\u00f1ar de esta manera al paciente desde la empat\u00eda, el respeto y la cercan\u00eda. Asimismo, el experto anim\u00f3 a todos los profesionales que trabajan en el \u00e1mbito de los cuidados paliativos \u00aba ser muy conscientes de sus limitaciones y fortalezas\u00bb para entender la situaci\u00f3n de cada paciente con la mente abierta y dar la mejor respuesta a sus necesidades.<\/p>\n<p> La jornada continu\u00f3 con las conferencias de la Dra. Blanca Go\u00f1i y de la Dra. Iris Crespo, centradas en la evaluaci\u00f3n de la necesidad de cuidados paliativos desde la perspectiva del paciente, la familia y el profesional; y en la importancia de consensuar una gu\u00eda cl\u00ednica para realizar esta evaluaci\u00f3n en las primeras visitas.<\/p>\n<p> El Dr. Joaquim Juli\u00e0 fue el encargado de moderar la mesa redonda que se realiz\u00f3 a continuaci\u00f3n que, bajo el t\u00edtulo \u00abVentajas del abordaje sistem\u00e1tico de las necesidades en cuidados paliativos\u00bb, cont\u00f3 con ponentes como el Dr. Pablo Noguera, m\u00e9dico paliativista del Grup Mutuam; la Dra. Lina Nitola, m\u00e9dico paliativista del Institut Catal\u00e0 d&#8217;Oncologia de Badalona y la Dra. Mar\u00eda Jimeno, de la cl\u00ednica Cuides UIC Barcelona.<\/p>\n<p>\nSobre el Deseo de Adelantar la Muerte <\/p>\n<p> La segunda parte del workshop se centr\u00f3 en el Deseo de Adelantar la Muerte (DAM). Los asistentes pudieron conocer y debatir sobre el abordaje cl\u00ednico del DAM; c\u00f3mo lo eval\u00faan los profesionales y c\u00f3mo lo manejan los profesionales espa\u00f1oles de la mano de especialistas en este tema como el Dr. Alberto Alonso, m\u00e9dico paliativista en la Unidad de Palitavos del Hospital La Paz (Madrid); el Dr. David Lorenzo, profesor de Bio\u00e9tica en el Institut Borja de Bio\u00e9tica; el Dr. Jaime Boceta, responsable del equipo de soporte de Cuidados Paliativos en el Hospital Universitario Virgen Macarena (Sevilla), la Dra. Andrea Rodr\u00edguez, investigadora de la C\u00e1tedra WeCare; la Dra. Maria Nabal, paliativista del Hospital Universitari Arnau de Vilanova de Lleida y la Dra. Cristina Monforte, co-directora de la C\u00e1tedra WeCare y referente internacional en el estudio y evaluaci\u00f3n del DAM.<\/p>\n<p> El Dr. Oscar Rodr\u00edguez, psiquiatra en el prestigioso Hospital M\u00e9dica Sur (M\u00e9xico), imparti\u00f3 la ponencia final del Workshop titulada \u00abEl deseo de adelantar la muerte en enfermedad avanzada: c\u00f3mo nos ayuda un psiquiatra\u00bb. Tras su intervenci\u00f3n, el Dr. Albert Balaguer, coordinador de la C\u00e1tedra WeCare fue el encargado de clausurar la d\u00e9cima edici\u00f3n de la jornada internacional, que cont\u00f3 nuevamente con la colaboraci\u00f3n de \u00c1ltima y el Institut Catal\u00e0 d&#8217;Oncologia. Para m\u00e1s informaci\u00f3n:<\/p>\n<p>\nMarta Gonz\u00e1lez Mart\u00ednez Responsable de Comunicaci\u00f3n del Campus Sant Cugat T. +34 935 042 000. Ext: 5153 \/ 675 78 34 18 Josep Trueta, s\/n 08195 Sant Cugat del Vall\u00e8s<\/p>\n<p>\nSobre UIC Barcelona <\/p>\n<p>\nLa Universitat Internacional de Catalunya (UIC Barcelona) naci\u00f3 en 1997 con el objetivo de ofrecer una formaci\u00f3n universitaria de calidad y promover la investigaci\u00f3n como servicio a la sociedad. Ligada al mundo empresarial y con un marcado car\u00e1cter internacional, imparte 16 grados, 8 dobles grados, una treintena de dobles titulaciones internacionales y una amplia oferta de programas de posgrado en sus dos campus, situados en Barcelona y Sant Cugat del Vall\u00e9s.<\/p>\n<p> Como parte de su compromiso con la sociedad, UIC Barcelona tambi\u00e9n cuenta con tres cl\u00ednicas universitarias ubicadas en el Campus Sant Cugat: la Cl\u00ednica Universitaria de Odontolog\u00eda, Support &#8211; Cl\u00ednica Universitaria de Psicolog\u00eda y Psiquiatr\u00eda, y Cuides UIC Barcelona, centrada en la atenci\u00f3n a pacientes con enfermedades avanzadas y cuidados paliativos.<\/p>\n<p>\nSobre la C\u00e1tedra WeCare: Atenci\u00f3n al Final de la Vida<\/p>\n<p>\nLa C\u00e1tedra WeCare: Atenci\u00f3n al Final de la Vida se crea por iniciativa de la Facultad de Medicina y Ciencias de la Salud y gracias a la colaboraci\u00f3n de la empresa \u00c1ltima y el Institut Catal\u00e0 d&#8217;Oncologia, con el fin de promover una investigaci\u00f3n aplicada, de car\u00e1cter interdisciplinar y multidimensional, referida a la atenci\u00f3n de los pacientes al final de la vida en el \u00e1rea de los cuidados paliativos.<\/p>\n<p> Esta C\u00e1tedra, dirigida por el Dr. Joaquim Juli\u00e0 y la Dra. Cristina Monforte, y coordinada por el Dr. Albert Balaguer, tiene por objeto generar y difundir conocimiento sobre las necesidades y la atenci\u00f3n de personas con enfermedades avanzadas al final de la vida, sus familias y cuidadores.<\/p>\n<p> Entre sus objetivos destaca la apuesta por la sensibilizaci\u00f3n de la sociedad en referencia a las necesidades en la atenci\u00f3n al final de la vida. La C\u00e1tedra cuenta con importantes colaboraciones, como el Institut Catal\u00e0 d&#8217;Oncologia (ICO) y \u00c1ltima, para poder convertirse en l\u00edder de opini\u00f3n en esta materia.<\/p>\n","protected":false},"excerpt":{"rendered":"<p>(Informaci\u00f3n remitida por la empresa firmante) El Workshop internacional organizado por la C\u00e1tedra WeCare de UIC Barcelona ha celebrado su 10\u00aa edici\u00f3n reuniendo a expertos y profesionales del \u00e1mbito de la salud Durante el workshop se ha debatido sobre la importancia de evaluar de manera sistem\u00e1tica las necesidades de las personas que requieren atenci\u00f3n paliativa, [&hellip;]<\/p>\n","protected":false},"author":1,"featured_media":0,"comment_status":"closed","ping_status":"closed","sticky":false,"template":"","format":"standard","meta":{"footnotes":""},"categories":[],"tags":[],"class_list":["post-50886","post","type-post","status-publish","format-standard","hentry"],"_links":{"self":[{"href":"https:\/\/webciudadana.net\/index.php?rest_route=\/wp\/v2\/posts\/50886","targetHints":{"allow":["GET"]}}],"collection":[{"href":"https:\/\/webciudadana.net\/index.php?rest_route=\/wp\/v2\/posts"}],"about":[{"href":"https:\/\/webciudadana.net\/index.php?rest_route=\/wp\/v2\/types\/post"}],"author":[{"embeddable":true,"href":"https:\/\/webciudadana.net\/index.php?rest_route=\/wp\/v2\/users\/1"}],"replies":[{"embeddable":true,"href":"https:\/\/webciudadana.net\/index.php?rest_route=%2Fwp%2Fv2%2Fcomments&post=50886"}],"version-history":[{"count":0,"href":"https:\/\/webciudadana.net\/index.php?rest_route=\/wp\/v2\/posts\/50886\/revisions"}],"wp:attachment":[{"href":"https:\/\/webciudadana.net\/index.php?rest_route=%2Fwp%2Fv2%2Fmedia&parent=50886"}],"wp:term":[{"taxonomy":"category","embeddable":true,"href":"https:\/\/webciudadana.net\/index.php?rest_route=%2Fwp%2Fv2%2Fcategories&post=50886"},{"taxonomy":"post_tag","embeddable":true,"href":"https:\/\/webciudadana.net\/index.php?rest_route=%2Fwp%2Fv2%2Ftags&post=50886"}],"curies":[{"name":"wp","href":"https:\/\/api.w.org\/{rel}","templated":true}]}}