{"id":50895,"date":"2024-03-06T16:20:03","date_gmt":"2024-03-06T15:20:03","guid":{"rendered":"https:\/\/ticker-noticiasep.microcontenidos.com\/NoticiaRSS.vbhtml?user=XRNR562DLR&amp;cod=20240306162003"},"modified":"2024-03-06T16:20:03","modified_gmt":"2024-03-06T15:20:03","slug":"a-familias-apoya-a-570-personas-en-situacion-de-vulnerabilidad-de-la-comunidad-de-madrid","status":"publish","type":"post","link":"https:\/\/webciudadana.net\/?p=50895","title":{"rendered":"A+ Familias apoya a 570 personas en situaci\u00f3n de vulnerabilidad de la Comunidad de Madrid"},"content":{"rendered":"\n<div><img decoding=\"async\" src=\"\/wp-content\/uploads\/sites\/2\/2024\/03\/a-familias-apoya-a-570-personas-en-situacion-de-vulnerabilidad-de-la-comunidad-de-madrid.jpg\" class=\"ff-og-image-inserted\"><\/div>\n<p>(Informaci\u00f3n remitida por la empresa firmante)<\/p>\n<p>\nMadrid, 6 de marzo<\/p>\n<p>\nLa asociaci\u00f3n sin \u00e1nimo de lucro contin\u00faa su misi\u00f3n de acompa\u00f1amiento a 134 familias, invirtiendo un total de 96.201 euros en ayudas destinadas a productos de primera necesidad, formaci\u00f3n y talleres<\/p>\n<p>\nA+Familias, asociaci\u00f3n sin \u00e1nimo de lucro centrada en apoyar a familias en situaci\u00f3n de vulnerabilidad de la Comunidad de Madrid, ha acompa\u00f1ado y apoyado econ\u00f3micamente a 134 familias, beneficiando a un total de 570 personas durante 2023.<\/p>\n<p> La entidad ha contado con apoyos econ\u00f3micos de distintas empresas y subvenciones p\u00fablicas que le han permitido seguir reforzando sus recursos y continuar con su misi\u00f3n de ayuda digna y colaboraci\u00f3n a las familias con recursos limitados.<\/p>\n<p> Primera ONG en apostar por la tecnolog\u00eda y la dignidad de las personas<\/p>\n<p>\n*Desde su fundaci\u00f3n en 2020, A+Familias ha querido apostar por una ayuda digna. Su misi\u00f3n se ha basado en un acompa\u00f1amiento personalizado a trav\u00e9s de las trabajadoras sociales de la entidad y un apoyo econ\u00f3mico mediante la entrega de tarjetas de d\u00e9bito, tambi\u00e9n conocidas ahora como \u00abtarjetas monedero\u00bb. La entidad fue una de las primeras en impulsar este tipo de ayuda con el objetivo de que las familias puedan comprar de acuerdo con sus necesidades y no tener que verse obligados a recurrir a las colas del hambre.<\/p>\n<p> En los \u00faltimos a\u00f1os, han querido apostar por la tecnolog\u00eda y han introducido los cupones digitales junto con la startup Coometas y su app Encantado de Comerte. Un acuerdo con el que, adem\u00e1s de perseguir su prop\u00f3sito de apoyo, evitan el desperdicio de alimentos y se suman a las directrices de la reci\u00e9n aprobada ley de desperdicio alimentario. En este sentido, durante el 2023, la entidad pudo invertir un total de 96.201 euros destinados a estas ayudas econ\u00f3micas mensuales y otros servicios de formaci\u00f3n a las familias.<\/p>\n<p> Desarrollo de colaboraciones estrat\u00e9gicas con m\u00e1s de 36 entidades<\/p>\n<p>\n*A+Familias ha conseguido cerrar acuerdos y colaboraciones s\u00f3lidas con diversas empresas e instituciones que comparten su visi\u00f3n de responsabilidad social. Estas colaboraciones han sido fundamentales para ampliar su alcance y posicionar su imagen. Algunas de las empresas e instituciones con las que han trabajado son Fundaci\u00f3n Montemadrid y CaixaBank, SQRUPS, Clarity AI, Allen&amp;Overy, Clifford Chance, Ministerio de Trabajo y Econom\u00eda Social, Fundaci\u00f3n Juan Entrecanales de Azc\u00e1rate, entre otras.<\/p>\n<p> 34 talleres impartidos<\/p>\n<p>\n*Adem\u00e1s de la atenci\u00f3n personalizada por parte de las trabajadoras sociales, la asociaci\u00f3n ha continuado con la difusi\u00f3n de servicios y talleres adaptados a las necesidades de las familias que reafirman el compromiso de A+Familias con la comunidad.* Algunos talleres que se llevan a cabo y que buscan brindar una mayor autonom\u00eda a las familias son: Taller de Eficiencia Energ\u00e9tica, Taller de Salud Financiera, talleres de orientaci\u00f3n jur\u00eddica y Taller de Econom\u00eda para la Autonom\u00eda.<\/p>\n<p> A + Familias lidera m\u00e1s de 8 proyectos en 2023<\/p>\n<p>\n*En A + Familias, creen en la innovaci\u00f3n y la colaboraci\u00f3n como motores para el cambio positivo de las comunidades y pretenden luchar contra la brecha digital en la que se encuentran muchas familias con recursos limitados. En el \u00faltimo a\u00f1o, han liderado proyectos transformadores en colaboraci\u00f3n con otras entidades como el DGES (Digitalizaci\u00f3n de la Gesti\u00f3n de las Entidades Sociales), con la que trabajan en un plan centrado en la digitalizaci\u00f3n de sus procesos internos y la mejora de la gesti\u00f3n de recursos mediante la implementaci\u00f3n de herramientas tecnol\u00f3gicas o PINA (Plataforma de Interconexi\u00f3n de Necesidades y Atenci\u00f3n) que destaca con una plataforma que conecta a diversas organizaciones y agencias sociales facilitando la identificaci\u00f3n de necesidades, la derivaci\u00f3n de servicios y el acceso a recursos.<\/p>\n<p> Estos proyectos no solo mejoraron su capacidad de servicio, sino que tambi\u00e9n siguen fortaleciendo su red de colaboradores.<\/p>\n<p> De cara al 2024, la asociaci\u00f3n seguir\u00e1 trabajando para cubrir las necesidades b\u00e1sicas de alimentaci\u00f3n, higiene y limpieza de las familias en situaci\u00f3n de vulnerabilidad adem\u00e1s de seguir brindando un apoyo individualizado y personal a trav\u00e9s de sus trabajadoras sociales y de la mano de otras asociaciones y entidades.<\/p>\n<p> \u00abEn A+Familias apostamos por la innovaci\u00f3n y la colaboraci\u00f3n como motores de cambio. Gracias al esfuerzo conjunto del equipo, colaboradores y beneficiarios, se ha*logrado un impacto significativo en la comunidad ayudando a 570 personas en situaci\u00f3n de vulnerabilidad\u00bb se\u00f1ala Javier Dias de la Fuente, Fundador y director de A + Familias. \u00abDe cara a este a\u00f1o 2024, se ha buscado*seguir apoyando a las familias que forman parte del programa de ayudas y esperamos con ilusi\u00f3n poder convertirnos en Fundaci\u00f3n para poder seguir brindando*apoyo a familias de otras comunidades aut\u00f3nomas\u00bb, a\u00f1ade.<\/p>\n<p> Emisor: A+Familias<\/p>\n<p>\nContacto<\/p>\n<p>\nNombre contacto: Aitana<\/p>\n<p>\nDescripci\u00f3n contacto: Newlink<\/p>\n<p>\nTel\u00e9fono de contacto: 691184547<\/p>\n","protected":false},"excerpt":{"rendered":"<p>(Informaci\u00f3n remitida por la empresa firmante) Madrid, 6 de marzo La asociaci\u00f3n sin \u00e1nimo de lucro contin\u00faa su misi\u00f3n de acompa\u00f1amiento a 134 familias, invirtiendo un total de 96.201 euros en ayudas destinadas a productos de primera necesidad, formaci\u00f3n y talleres A+Familias, asociaci\u00f3n sin \u00e1nimo de lucro centrada en apoyar a familias en situaci\u00f3n de [&hellip;]<\/p>\n","protected":false},"author":1,"featured_media":0,"comment_status":"closed","ping_status":"closed","sticky":false,"template":"","format":"standard","meta":{"footnotes":""},"categories":[],"tags":[],"class_list":["post-50895","post","type-post","status-publish","format-standard","hentry"],"_links":{"self":[{"href":"https:\/\/webciudadana.net\/index.php?rest_route=\/wp\/v2\/posts\/50895","targetHints":{"allow":["GET"]}}],"collection":[{"href":"https:\/\/webciudadana.net\/index.php?rest_route=\/wp\/v2\/posts"}],"about":[{"href":"https:\/\/webciudadana.net\/index.php?rest_route=\/wp\/v2\/types\/post"}],"author":[{"embeddable":true,"href":"https:\/\/webciudadana.net\/index.php?rest_route=\/wp\/v2\/users\/1"}],"replies":[{"embeddable":true,"href":"https:\/\/webciudadana.net\/index.php?rest_route=%2Fwp%2Fv2%2Fcomments&post=50895"}],"version-history":[{"count":0,"href":"https:\/\/webciudadana.net\/index.php?rest_route=\/wp\/v2\/posts\/50895\/revisions"}],"wp:attachment":[{"href":"https:\/\/webciudadana.net\/index.php?rest_route=%2Fwp%2Fv2%2Fmedia&parent=50895"}],"wp:term":[{"taxonomy":"category","embeddable":true,"href":"https:\/\/webciudadana.net\/index.php?rest_route=%2Fwp%2Fv2%2Fcategories&post=50895"},{"taxonomy":"post_tag","embeddable":true,"href":"https:\/\/webciudadana.net\/index.php?rest_route=%2Fwp%2Fv2%2Ftags&post=50895"}],"curies":[{"name":"wp","href":"https:\/\/api.w.org\/{rel}","templated":true}]}}