{"id":50918,"date":"2024-03-07T09:10:40","date_gmt":"2024-03-07T08:10:40","guid":{"rendered":"https:\/\/ticker-noticiasep.microcontenidos.com\/NoticiaRSS.vbhtml?user=XRNR562DLR&amp;cod=20240307091040"},"modified":"2024-03-07T09:10:40","modified_gmt":"2024-03-07T08:10:40","slug":"el-grupo-educativo-cef-udima-renueva-cupula-directiva-academica-y-empresarial","status":"publish","type":"post","link":"https:\/\/webciudadana.net\/?p=50918","title":{"rendered":"El Grupo Educativo CEF.- UDIMA renueva c\u00fapula directiva acad\u00e9mica y empresarial"},"content":{"rendered":"\n<div><img decoding=\"async\" src=\"\/wp-content\/uploads\/sites\/2\/2024\/03\/el-grupo-educativo-cef-udima-renueva-cupula-directiva-academica-y-empresarial.jpg\" class=\"ff-og-image-inserted\"><\/div>\n<p>(Informaci\u00f3n remitida por la empresa firmante)<\/p>\n<p>\nJoaqu\u00edn Espallargas-Iberni, economista, ha sido nombrado CEO del grupo educativo CEF.- UDIMA, que integran la escuela de negocios Centro de Estudios Financieros, la editorial Estudios Financieros y la Universidad a Distancia de Madrid. As\u00ed mismo, Eugenio Lanzadera es el nuevo rector de la UDIMA<\/p>\n<p>\nMadrid, 7 de marzo de 2024.- Una de las principales misiones que se propone el Grupo con esta reestructuraci\u00f3n es la implementaci\u00f3n del Plan Estrat\u00e9gico 24\/27, asentando el exitoso modelo educativo y de negocio actuales, favoreciendo su crecimiento y dando las respuestas adecuadas a las nuevas necesidades de futuro.<\/p>\n<p> Joaqu\u00edn Espallargas ha desarrollado su trayectoria profesional en diferentes \u00e1reas: en energ\u00eda o banca fue director de Marketing y Log\u00edstica en Kuwait Petroleum Espa\u00f1a, director de la Divisi\u00f3n de Consultor\u00eda en Iberdrola o subdirector general del Banco Gallego, estando destinado en estos trabajos en Reino Unido, Estados Unidos, Suiza, Hong Kong, Italia o Dub\u00e1i.<\/p>\n<p> En el campo de la consultor\u00eda y la banca de inversi\u00f3n trabaj\u00f3 para el grupo BCG; fue socio fundador y consejero de Renovatio Europa, fondo de inversi\u00f3n dedicado a la inversi\u00f3n en energ\u00edas renovables, y ha desarrollado en su propia firma de consultor\u00eda numerosos proyectos relacionados con el mundo de la educaci\u00f3n y de financiaci\u00f3n de startups. En educaci\u00f3n, ha sido profesor en el Instituto de Empresa, la Universidad Complutense y la Universidad de Lyon, adem\u00e1s de ser durante siete a\u00f1os CEO del grupo educativo Nebrija, donde lider\u00f3 un relevante crecimiento en alumnos, prestigio y resultados.<\/p>\n<p> Accede al cargo de CEO del Grupo CEF.- UDIMA, fundado en 1977 por Roque de las Heras, con la misi\u00f3n de \u00abcolocar a la instituci\u00f3n acad\u00e9mica al frente de la ense\u00f1anza m\u00e1s disruptiva e innovadora, como ya lo fue en su d\u00eda al convertirse, tanto el CEF.- como la UDIMA, en pioneros de la formaci\u00f3n presencial, a distancia y online\u00bb.<\/p>\n<p> Nuevo Rector de la UDIMA<\/p>\n<p>\n*Por otra parte, se han adoptado otros cambios en el organigrama del Grupo. As\u00ed, Eugenio Lanzadera ha sido nombrado Rector de la UDIMA, en sustituci\u00f3n de Concha Burgos. Lanzadera, nacido en Madrid en 1968, ejerc\u00eda como Director de Operaciones del Grupo CEF.-UDIMA desde 2023. Con anterioridad, desempe\u00f1\u00f3 sus funciones como Secretario General de la UDIMA desde 2006. Tambi\u00e9n ha sido Secretario del Consejo de Administraci\u00f3n de la UDIMA.<\/p>\n<p> Doctor en Derecho y Ciencia Pol\u00edtica, por la Universidad Aut\u00f3noma de Madrid, el nuevo rector de la UDIMA est\u00e1 Acreditado como Contratado Doctor por Aneca, es Profesor de Derecho del Trabajo en la UDIMA y en el CEF.-, Abogado colegiado en el ICAM, autor de manuales, art\u00edculos cient\u00edficos y ponente en debates televisivos y conferencias.<\/p>\n<p> De igual modo, en el marco de la reestructuraci\u00f3n de la c\u00fapula directiva y acad\u00e9mica, Emilio Rivas es el nuevo director general de Operaciones del grupo educativo; Javier Garc\u00eda Ortells, nuevo director general del \u00e1rea Comercial y Marketing; Jos\u00e9 Pedro Valero, director general de Oposiciones; Paloma Coronado, directora general de Posgrado; Jos\u00e9 Enrique Jim\u00e9nez, director de Marketing, y Diego T\u00e9llez, director de Sistemas. As\u00ed mismo, ha sido nombrada nueva directora Financiera \u00c1ngeles Gonz\u00e1lez y*nuevo Secretario General de la UDIMA Ricardo Romero, manteniendo adem\u00e1s el cargo de director del Gabinete Jur\u00eddico del Grupo. Se crea, adem\u00e1s, el departamento de Comunicaci\u00f3n Interna, \u00e1rea que se suma a la responsabilidad como director de Comunicaci\u00f3n del grupo educativo de Luis Miguel Belda.<\/p>\n<p> Contacto<\/p>\n<p>\nNombre contacto: Luis Miguel Belda Garc\u00eda<\/p>\n<p>\nDescripci\u00f3n contacto: Universidad a Distancia de Madrid, UDIMA<\/p>\n<p>\nTel\u00e9fono de contacto: 619249228<\/p>\n","protected":false},"excerpt":{"rendered":"<p>(Informaci\u00f3n remitida por la empresa firmante) Joaqu\u00edn Espallargas-Iberni, economista, ha sido nombrado CEO del grupo educativo CEF.- UDIMA, que integran la escuela de negocios Centro de Estudios Financieros, la editorial Estudios Financieros y la Universidad a Distancia de Madrid. As\u00ed mismo, Eugenio Lanzadera es el nuevo rector de la UDIMA Madrid, 7 de marzo de [&hellip;]<\/p>\n","protected":false},"author":1,"featured_media":0,"comment_status":"closed","ping_status":"closed","sticky":false,"template":"","format":"standard","meta":{"footnotes":""},"categories":[],"tags":[],"class_list":["post-50918","post","type-post","status-publish","format-standard","hentry"],"_links":{"self":[{"href":"https:\/\/webciudadana.net\/index.php?rest_route=\/wp\/v2\/posts\/50918","targetHints":{"allow":["GET"]}}],"collection":[{"href":"https:\/\/webciudadana.net\/index.php?rest_route=\/wp\/v2\/posts"}],"about":[{"href":"https:\/\/webciudadana.net\/index.php?rest_route=\/wp\/v2\/types\/post"}],"author":[{"embeddable":true,"href":"https:\/\/webciudadana.net\/index.php?rest_route=\/wp\/v2\/users\/1"}],"replies":[{"embeddable":true,"href":"https:\/\/webciudadana.net\/index.php?rest_route=%2Fwp%2Fv2%2Fcomments&post=50918"}],"version-history":[{"count":0,"href":"https:\/\/webciudadana.net\/index.php?rest_route=\/wp\/v2\/posts\/50918\/revisions"}],"wp:attachment":[{"href":"https:\/\/webciudadana.net\/index.php?rest_route=%2Fwp%2Fv2%2Fmedia&parent=50918"}],"wp:term":[{"taxonomy":"category","embeddable":true,"href":"https:\/\/webciudadana.net\/index.php?rest_route=%2Fwp%2Fv2%2Fcategories&post=50918"},{"taxonomy":"post_tag","embeddable":true,"href":"https:\/\/webciudadana.net\/index.php?rest_route=%2Fwp%2Fv2%2Ftags&post=50918"}],"curies":[{"name":"wp","href":"https:\/\/api.w.org\/{rel}","templated":true}]}}