{"id":50946,"date":"2024-03-07T15:37:53","date_gmt":"2024-03-07T14:37:53","guid":{"rendered":"https:\/\/ticker-noticiasep.microcontenidos.com\/NoticiaRSS.vbhtml?user=XRNR562DLR&amp;cod=20240307153753"},"modified":"2024-03-07T15:37:53","modified_gmt":"2024-03-07T14:37:53","slug":"la-fundacion-botin-subvencionara-la-entrada-de-30-centros-de-cantabria-y-madrid-a-su-programa-educacion-responsable","status":"publish","type":"post","link":"https:\/\/webciudadana.net\/?p=50946","title":{"rendered":"La Fundaci\u00f3n Bot\u00edn subvencionar\u00e1 la entrada de 30 centros de Cantabria y Madrid a su programa Educaci\u00f3n Responsable"},"content":{"rendered":"\n<div><img decoding=\"async\" src=\"\/wp-content\/uploads\/sites\/2\/2024\/03\/la-fundacion-botin-subvencionara-la-entrada-de-30-centros-de-cantabria-y-madrid-a-su-programa-educacion-responsable.jpg\" class=\"ff-og-image-inserted\"><\/div>\n<p> SANTANDER, 7 (EUROPA PRESS)<\/p>\n<p> La Fundaci\u00f3n Bot\u00edn subvencionar\u00e1 la entrada de 30 centros de Cantabria y Madrid, quince de cada comunidad, a su programa Educaci\u00f3n Responsable (ER), con el objetivo de seguir potenciando el talento y la creatividad de ni\u00f1os y j\u00f3venes entre 3 y 16 a\u00f1os.<\/p>\n<p> Este proyecto incluye un plan de formaci\u00f3n para docentes en desarrollo afectivo, social y creativo, as\u00ed como m\u00e1s de 1.000 actividades vinculadas con las artes y las metodolog\u00edas activas, con las que el alumnado aprende habilidades de comunicaci\u00f3n y de convivencia.<\/p>\n<p> La Fundaci\u00f3n Bot\u00edn ha anunciado en un comunicado que este jueves se ha abierto una nueva convocatoria de esta iniciativa, en el que participan 800 colegios y que supone ser \u00abla mayor red internacional de educaci\u00f3n emocional en el mundo\u00bb.<\/p>\n<p> En concreto, este programa est\u00e1 presente en lugares como Cantabria, Madrid, La Rioja, Navarra, Galicia, Murcia, Castilla y Le\u00f3n, Arag\u00f3n, la Comunidad Valenciana y Catalu\u00f1a, adem\u00e1s Uruguay, Chile, M\u00e9xico, Per\u00fa, Honduras, Nicaragua y el Salvador, en Am\u00e9rica Latina.<\/p>\n<p> El proyecto est\u00e1 desarrollando desde hace 18 a\u00f1os centros p\u00fablicos, privados y concertados, IES, FP, centros de adultos, centros rurales y aulas hospitalarias.<\/p>\n<p> Seg\u00fan ha se\u00f1alado la Fundaci\u00f3n Bot\u00edn, la Universidad de Cantabria y la Universidad de M\u00e1laga han demostrado que el programa tiene un efecto positivo entre los participantes, que no solo se ven beneficiados en su desarrollo social y creativo, sino que tambi\u00e9n perciben una mejora en su autoconocimiento emocional y en la gesti\u00f3n del estr\u00e9s.<\/p>\n<p> La entidad ha anunciado que el 16 de abril, a las 17.00 horas, se llevar\u00e1 a cabo una reuni\u00f3n informativa online para todos aquellos centros interesados en formar parte del programa y que los interesados tendr\u00e1n que enviar el formulario de inscripci\u00f3n antes del 24 de mayo.<\/p>\n","protected":false},"excerpt":{"rendered":"<p>SANTANDER, 7 (EUROPA PRESS) La Fundaci\u00f3n Bot\u00edn subvencionar\u00e1 la entrada de 30 centros de Cantabria y Madrid, quince de cada comunidad, a su programa Educaci\u00f3n Responsable (ER), con el objetivo de seguir potenciando el talento y la creatividad de ni\u00f1os y j\u00f3venes entre 3 y 16 a\u00f1os. Este proyecto incluye un plan de formaci\u00f3n para [&hellip;]<\/p>\n","protected":false},"author":1,"featured_media":0,"comment_status":"closed","ping_status":"closed","sticky":false,"template":"","format":"standard","meta":{"footnotes":""},"categories":[],"tags":[],"class_list":["post-50946","post","type-post","status-publish","format-standard","hentry"],"_links":{"self":[{"href":"https:\/\/webciudadana.net\/index.php?rest_route=\/wp\/v2\/posts\/50946","targetHints":{"allow":["GET"]}}],"collection":[{"href":"https:\/\/webciudadana.net\/index.php?rest_route=\/wp\/v2\/posts"}],"about":[{"href":"https:\/\/webciudadana.net\/index.php?rest_route=\/wp\/v2\/types\/post"}],"author":[{"embeddable":true,"href":"https:\/\/webciudadana.net\/index.php?rest_route=\/wp\/v2\/users\/1"}],"replies":[{"embeddable":true,"href":"https:\/\/webciudadana.net\/index.php?rest_route=%2Fwp%2Fv2%2Fcomments&post=50946"}],"version-history":[{"count":0,"href":"https:\/\/webciudadana.net\/index.php?rest_route=\/wp\/v2\/posts\/50946\/revisions"}],"wp:attachment":[{"href":"https:\/\/webciudadana.net\/index.php?rest_route=%2Fwp%2Fv2%2Fmedia&parent=50946"}],"wp:term":[{"taxonomy":"category","embeddable":true,"href":"https:\/\/webciudadana.net\/index.php?rest_route=%2Fwp%2Fv2%2Fcategories&post=50946"},{"taxonomy":"post_tag","embeddable":true,"href":"https:\/\/webciudadana.net\/index.php?rest_route=%2Fwp%2Fv2%2Ftags&post=50946"}],"curies":[{"name":"wp","href":"https:\/\/api.w.org\/{rel}","templated":true}]}}