{"id":50960,"date":"2024-03-07T17:22:31","date_gmt":"2024-03-07T16:22:31","guid":{"rendered":"https:\/\/ticker-noticiasep.microcontenidos.com\/NoticiaRSS.vbhtml?user=XRNR562DLR&amp;cod=20240307172231"},"modified":"2024-03-07T17:22:31","modified_gmt":"2024-03-07T16:22:31","slug":"la-nueva-fp-del-grupo-educativo-uax-arranca-operaciones-revolucionando-la-relacion-estudiante-empresa","status":"publish","type":"post","link":"https:\/\/webciudadana.net\/?p=50960","title":{"rendered":"La nueva FP del Grupo Educativo UAX, arranca operaciones revolucionando la relaci\u00f3n &#8216;estudiante &#8211; empresa&#8217;"},"content":{"rendered":"\n<div><img decoding=\"async\" src=\"\/wp-content\/uploads\/sites\/2\/2024\/03\/la-nueva-fp-del-grupo-educativo-uax-arranca-operaciones-revolucionando-la-relacion-estudiante-empresa.jpg\" class=\"ff-og-image-inserted\"><\/div>\n<p>(Informaci\u00f3n remitida por la empresa firmante)<\/p>\n<p>\nMadrid, 7 de marzo<\/p>\n<p>\nXTART involucra a las empresas en la co-creaci\u00f3n de los programas formativos para mejorar la empleabilidad de los estudiantes en 4 verticales de especializaci\u00f3n: tech, business, salud y emergencias y protecci\u00f3n civil. Pese a que en 2023 Espa\u00f1a alcanz\u00f3 un r\u00e9cord de vacantes de casi 150 mil puestos de trabajo sin cubrir, dos de cada diez espa\u00f1oles con estudios superiores no encuentran empleo. Para el a\u00f1o 2030 las ofertas de trabajo en Espa\u00f1a requerir\u00e1n en un 65% competencias de Formaci\u00f3n Profesional<\/p>\n<p>\nPese a que en 2023 Espa\u00f1a alcanz\u00f3 un r\u00e9cord de vacantes con 149.645 puestos de trabajo sin cubrir, dos de cada diez espa\u00f1oles que han cursado estudios superiores no encuentran empleo en los primeros tres a\u00f1os despu\u00e9s de graduarse, lo que sit\u00faa a Espa\u00f1a como el quinto peor pa\u00eds de la UE en empleabilidad para este colectivo.<\/p>\n<p> Y es que, en los \u00faltimos a\u00f1os, se est\u00e1 viviendo una revoluci\u00f3n en gran medida provocada por la irrupci\u00f3n de diferentes tecnolog\u00edas que hacen que el mundo se mueva a un ritmo vertiginoso. Un ritmo para el que las empresas deben estar preparadas, pero que lamentablemente la formaci\u00f3n no puede seguir. Es por ello por lo que, gracias a su capacidad de adaptaci\u00f3n, plazos formativos m\u00e1s cortos y practicidad, la formaci\u00f3n profesional ha comenzado a despuntar, y en los \u00faltimos cinco a\u00f1os el n\u00famero de matriculados en un ciclo formativo ha crecido casi un 20%.<\/p>\n<p> XTART involucra a las empresas en la co-creaci\u00f3n de los programas formativos para mejorar la empleabilidad de los estudiantes<\/p>\n<p>\n*Con el objetivo de revolucionar la relaci\u00f3n &#8216;estudiante &#8211; empresa&#8217;, arranca operaciones XTART Formaci\u00f3n Profesional, el Instituto Oficial de FP perteneciente al Grupo educativo de la Universidad Alfonso X El Sabio y The Valley. Esta nueva propuesta ofrece titulaciones de grado medio y superior en 3 modalidades -online, semipresencial y distancia- con 4 verticales de especializaci\u00f3n, en esta fase inicial: tech, business, salud y emergencias y protecci\u00f3n civil.<\/p>\n<p> \u00abPara el a\u00f1o 2030 las ofertas de trabajo en Espa\u00f1a requerir\u00e1n en un 65% competencias de Formaci\u00f3n Profesional (*) y esto, en gran medida, se debe a la adaptabilidad que ofrece. En XTART somos los impulsores de una nueva idea de Formaci\u00f3n Profesional. Adaptamos la formaci\u00f3n a las necesidades del mercado laboral, co-creando con las propias empresas el plan acad\u00e9mico y los itinerarios formativos, con el objetivo de proporcionar a los estudiantes las habilidades y competencias requeridas por estas y que el proceso de on boarding sea una llave en mano, reduciendo sustancialmente la complejidad en los procesos de captaci\u00f3n de talento y mejorando la integraci\u00f3n del alumno en su futura empresa. Adem\u00e1s, apostamos por el modelo Campus, que genera comunidad entre estudiantes, profesores y empresas\u00bb, destaca Alejandro Codina Aracama, director general de XTART.<\/p>\n<p> \u00abAsimismo, nuestros or\u00edgenes de la mano de las prestigiosas instituciones UAX y The Valley, as\u00ed como nuestro partner*acad\u00e9mico McGraw Hill, son aval de la calidad del contenido y el rigor formativo del que hacemos gala para nuestros alumnos. Queremos ser los responsables de que la Formaci\u00f3n Profesional ya no sea el plan B de algunos, sino el plan A de muchos\u00bb, apunta Aracama. \u00abEl objetivo es que la sociedad nos perciba como agentes de cambio porque eso es lo que estamos logrando, cambiar, con hechos y resultados, la percepci\u00f3n tradicional de la FP\u00bb, concluye el directivo.<\/p>\n<p> XTART impulsa los programas de Formaci\u00f3n Profesional, con nuevos formatos de aprendizaje y adapt\u00e1ndose continuamente a los avances tecnol\u00f3gicos, que son el motor de transformaci\u00f3n del ecosistema empresarial, lo que les permite anticiparse a las necesidades del mercado. Se basa en 4 pilares: tecnolog\u00eda e innovaci\u00f3n, empleabilidad, educaci\u00f3n personalizada y conexi\u00f3n directa con la empresa y futuros empleadores.<\/p>\n<p> Su oferta acad\u00e9mica inicial incluir\u00e1 19 ciclos oficiales, de 19 especializaciones conectadas entre diferentes verticales de tecnolog\u00eda, negocios, salud, emergencias y protecci\u00f3n civil. Adem\u00e1s, cuenta con un ambicioso plan de expansi\u00f3n nacional con previsi\u00f3n de apertura de campus en Madrid, Barcelona, Valencia, Murcia y Sevilla.<\/p>\n<p> Contacto<\/p>\n<p>\nNombre contacto: Axicom para XTART<\/p>\n<p>\nDescripci\u00f3n contacto: XTART<\/p>\n<p>\nTel\u00e9fono de contacto: 646260354 \/ 63602351<\/p>\n","protected":false},"excerpt":{"rendered":"<p>(Informaci\u00f3n remitida por la empresa firmante) Madrid, 7 de marzo XTART involucra a las empresas en la co-creaci\u00f3n de los programas formativos para mejorar la empleabilidad de los estudiantes en 4 verticales de especializaci\u00f3n: tech, business, salud y emergencias y protecci\u00f3n civil. Pese a que en 2023 Espa\u00f1a alcanz\u00f3 un r\u00e9cord de vacantes de casi [&hellip;]<\/p>\n","protected":false},"author":1,"featured_media":0,"comment_status":"closed","ping_status":"closed","sticky":false,"template":"","format":"standard","meta":{"footnotes":""},"categories":[],"tags":[],"class_list":["post-50960","post","type-post","status-publish","format-standard","hentry"],"_links":{"self":[{"href":"https:\/\/webciudadana.net\/index.php?rest_route=\/wp\/v2\/posts\/50960","targetHints":{"allow":["GET"]}}],"collection":[{"href":"https:\/\/webciudadana.net\/index.php?rest_route=\/wp\/v2\/posts"}],"about":[{"href":"https:\/\/webciudadana.net\/index.php?rest_route=\/wp\/v2\/types\/post"}],"author":[{"embeddable":true,"href":"https:\/\/webciudadana.net\/index.php?rest_route=\/wp\/v2\/users\/1"}],"replies":[{"embeddable":true,"href":"https:\/\/webciudadana.net\/index.php?rest_route=%2Fwp%2Fv2%2Fcomments&post=50960"}],"version-history":[{"count":0,"href":"https:\/\/webciudadana.net\/index.php?rest_route=\/wp\/v2\/posts\/50960\/revisions"}],"wp:attachment":[{"href":"https:\/\/webciudadana.net\/index.php?rest_route=%2Fwp%2Fv2%2Fmedia&parent=50960"}],"wp:term":[{"taxonomy":"category","embeddable":true,"href":"https:\/\/webciudadana.net\/index.php?rest_route=%2Fwp%2Fv2%2Fcategories&post=50960"},{"taxonomy":"post_tag","embeddable":true,"href":"https:\/\/webciudadana.net\/index.php?rest_route=%2Fwp%2Fv2%2Ftags&post=50960"}],"curies":[{"name":"wp","href":"https:\/\/api.w.org\/{rel}","templated":true}]}}