{"id":50968,"date":"2024-03-07T18:46:50","date_gmt":"2024-03-07T17:46:50","guid":{"rendered":"https:\/\/ticker-noticiasep.microcontenidos.com\/NoticiaRSS.vbhtml?user=XRNR562DLR&amp;cod=20240307184650"},"modified":"2024-03-07T18:46:50","modified_gmt":"2024-03-07T17:46:50","slug":"sernauto-y-la-fundacion-repsol-renuevan-su-acuerdo-estrategico-para-impulsar-la-movilidad-sostenible","status":"publish","type":"post","link":"https:\/\/webciudadana.net\/?p=50968","title":{"rendered":"Sernauto y la Fundaci\u00f3n Repsol renuevan su acuerdo estrat\u00e9gico para impulsar la movilidad sostenible"},"content":{"rendered":"\n<div><img decoding=\"async\" src=\"\/wp-content\/uploads\/sites\/2\/2024\/03\/sernauto-y-la-fundacion-repsol-renuevan-su-acuerdo-estrategico-para-impulsar-la-movilidad-sostenible.jpg\" class=\"ff-og-image-inserted\"><\/div>\n<p> MADRID, 7 (EUROPA PRESS)<\/p>\n<p> La Asociaci\u00f3n Espa\u00f1ola de Proveedores de Automoci\u00f3n (Sernauto) y la Fundaci\u00f3n Repsol han renovado su acuerdo de colaboraci\u00f3n, que comenz\u00f3 en 2022, para el desarrollo conjunto de acciones de promoci\u00f3n, divulgaci\u00f3n e impulso de la transici\u00f3n energ\u00e9tica y la movilidad sostenible.<\/p>\n<p> En este tiempo, ambas asociaciones han trabajado de forma conjunta en diferentes proyectos e iniciativas enfocadas a impulsar una transici\u00f3n energ\u00e9tica sostenible y ordenada que tenga en cuenta todo tipo de tecnolog\u00edas limpias.<\/p>\n<p> En virtud de la renovaci\u00f3n, Sernauto y la Fundaci\u00f3n Repsol se han comprometido a organizar una serie de jornadas y acciones formativas y de divulgaci\u00f3n en torno a la transici\u00f3n energ\u00e9tica.<\/p>\n<p> Asimismo, el objetivo \u00faltimo del acuerdo es afrontar los retos y facilitar al sector de proveedores de automoci\u00f3n la informaci\u00f3n y el conocimiento necesario para impulsar la competitividad y la innovaci\u00f3n tecnol\u00f3gica de sus empresas.<\/p>\n<p>\nSERNAUTO COLABORAR\u00c1 CON &#8216;MOTOR VERDE&#8217;, DE FUNDACI\u00d3N REPSOL<\/p>\n<p> Sernauto colaborar\u00e1 con el proyecto Motor Verde, impulsado por Fundaci\u00f3n Repsol y Grupo Sylvestris, a trav\u00e9s del marketplace de la iniciativa con la intenci\u00f3n de calcular la huella de carbono y mitigar las emisiones de CO2 generadas.<\/p>\n<p> Motor Verde es un programa de reforestaciones a gran escala en Espa\u00f1a y Portugal para la compensaci\u00f3n de emisiones de CO2, al tiempo que celebrar\u00e1 su encuentro anual el pr\u00f3ximo 3 de julio en Madrid.<\/p>\n","protected":false},"excerpt":{"rendered":"<p>MADRID, 7 (EUROPA PRESS) La Asociaci\u00f3n Espa\u00f1ola de Proveedores de Automoci\u00f3n (Sernauto) y la Fundaci\u00f3n Repsol han renovado su acuerdo de colaboraci\u00f3n, que comenz\u00f3 en 2022, para el desarrollo conjunto de acciones de promoci\u00f3n, divulgaci\u00f3n e impulso de la transici\u00f3n energ\u00e9tica y la movilidad sostenible. En este tiempo, ambas asociaciones han trabajado de forma conjunta [&hellip;]<\/p>\n","protected":false},"author":1,"featured_media":0,"comment_status":"closed","ping_status":"closed","sticky":false,"template":"","format":"standard","meta":{"footnotes":""},"categories":[],"tags":[],"class_list":["post-50968","post","type-post","status-publish","format-standard","hentry"],"_links":{"self":[{"href":"https:\/\/webciudadana.net\/index.php?rest_route=\/wp\/v2\/posts\/50968","targetHints":{"allow":["GET"]}}],"collection":[{"href":"https:\/\/webciudadana.net\/index.php?rest_route=\/wp\/v2\/posts"}],"about":[{"href":"https:\/\/webciudadana.net\/index.php?rest_route=\/wp\/v2\/types\/post"}],"author":[{"embeddable":true,"href":"https:\/\/webciudadana.net\/index.php?rest_route=\/wp\/v2\/users\/1"}],"replies":[{"embeddable":true,"href":"https:\/\/webciudadana.net\/index.php?rest_route=%2Fwp%2Fv2%2Fcomments&post=50968"}],"version-history":[{"count":0,"href":"https:\/\/webciudadana.net\/index.php?rest_route=\/wp\/v2\/posts\/50968\/revisions"}],"wp:attachment":[{"href":"https:\/\/webciudadana.net\/index.php?rest_route=%2Fwp%2Fv2%2Fmedia&parent=50968"}],"wp:term":[{"taxonomy":"category","embeddable":true,"href":"https:\/\/webciudadana.net\/index.php?rest_route=%2Fwp%2Fv2%2Fcategories&post=50968"},{"taxonomy":"post_tag","embeddable":true,"href":"https:\/\/webciudadana.net\/index.php?rest_route=%2Fwp%2Fv2%2Ftags&post=50968"}],"curies":[{"name":"wp","href":"https:\/\/api.w.org\/{rel}","templated":true}]}}