{"id":50980,"date":"2024-03-08T11:00:49","date_gmt":"2024-03-08T10:00:49","guid":{"rendered":"https:\/\/ticker-noticiasep.microcontenidos.com\/NoticiaRSS.vbhtml?user=XRNR562DLR&amp;cod=20240308110049"},"modified":"2024-03-08T11:00:49","modified_gmt":"2024-03-08T10:00:49","slug":"un-total-de-90-proyectos-se-presentan-a-las-ayudas-fse-de-cepes-para-fomentar-la-inclusion-de-colectivos-vulnerables","status":"publish","type":"post","link":"https:\/\/webciudadana.net\/?p=50980","title":{"rendered":"Un total de 90 proyectos se presentan a las ayudas FSE+ de CEPES para fomentar la inclusi\u00f3n de colectivos vulnerables"},"content":{"rendered":"\n<div><img decoding=\"async\" src=\"\/wp-content\/uploads\/sites\/2\/2024\/03\/un-total-de-90-proyectos-se-presentan-a-las-ayudas-fse-de-cepes-para-fomentar-la-inclusion-de-colectivos-vulnerables.jpg\" class=\"ff-og-image-inserted\"><\/div>\n<p>El periodo de ejecuci\u00f3n de las iniciativas tendr\u00e1 lugar desde el 1 de enero de 2024 al 31 de diciembre de 2026<\/p>\n<p> MADRID, 8 (EUROPA PRESS)<\/p>\n<p> Un total de 90 proyectos se han presentado a la convocatoria de ayudas FSE+ lanzada por la Confederaci\u00f3n Empresarial Espa\u00f1ola de la Econom\u00eda Social (CEPES), en calidad de Organismo Intermedio del Programa de Empleo, Formaci\u00f3n, Educaci\u00f3n y Econom\u00eda Social (EFESO), destinada a entidades de econom\u00eda social para el desarrollo de proyectos que fomenten la inclusi\u00f3n laboral y social de colectivos vulnerables. <\/p>\n<p> CEPES, seg\u00fan ha indicado, ha recibido un total de 90 solicitudes por importe de 18.302.799 euros (ayuda FSE+) y un coste total de 29.659.878 euros. Concretamente, siete de las propuestas son operaciones plurirregionales a desarrollar en las tres categor\u00edas de regi\u00f3n &#8211;regiones m\u00e1s desarrolladas, regiones en transici\u00f3n y regiones menos desarrolladas&#8211; y el resto se desarrollan espec\u00edficamente en una de estas tres categor\u00edas.<\/p>\n<p> El presidente de CEPES, Juan Antonio Pedre\u00f1o, ha mostrado su satisfacci\u00f3n por la acogida que ha tenido esta convocatoria dirigida a las empresas y entidades de la Econom\u00eda Social que trabajan con grupos sociales vulnerables. \u00abCon esta l\u00ednea de ayudas pretendemos fortalecer a las empresas e incrementar su competitividad en los mercados\u00bb, ha explicado.<\/p>\n<p> En lo que se refiere a las regiones m\u00e1s desarrolladas, la confederaci\u00f3n ha recibido 29 solicitudes regionales y la participaci\u00f3n de 7 plurirregionales. El importe solicitado es de 3.991.446 euros (supone un coste total de las operaciones de 9.978.615 euros), para una dotaci\u00f3n de 1.391.760 euros (un 287%).<\/p>\n<p> En cuanto a las regiones en transici\u00f3n, ha registrado un total de 32 solicitudes regionales y la participaci\u00f3n de 7 plurirregionales. El importe solicitado es 5.802.529 euros (supone un coste total de las operaciones de 9.670.882 euros), para una dotaci\u00f3n de 3.278.946 euros (un 177%).<\/p>\n<p> Por \u00faltimo, en lo que respecta a regiones menos desarrolladas en el \u00e1mbito de la econom\u00eda social, CEPES ha recibido un total de 30 solicitudes regionales y la participaci\u00f3n de 7 plurirregionales. El importe solicitado es 8.508.824 euros (supone un coste total de las operaciones de 10.010.381 euros), para una dotaci\u00f3n de 3.879.293 euros (un 219%).<\/p>\n<p> Esta segunda convocatoria, dotada con 8.550.000 euros y cuyo plazo de presentaci\u00f3n de proyectos permaneci\u00f3 abierto hasta el 29 de febrero, tiene como objeto, seg\u00fan ha destacado la comisi\u00f3n, seleccionar proyectos que tengan como fin la \u00abinclusi\u00f3n laboral duradera de personas pertenecientes a grupos sociales vulnerables\u00bb.<\/p>\n<p> Todo ello a trav\u00e9s de apoyos profesionales espec\u00edficos a su proceso formativo, de acceso y mantenimiento en el empleo, as\u00ed como el desarrollo de planes para el fortalecimiento o la consolidaci\u00f3n de las empresas y entidades de la Econom\u00eda Social que tienen por objeto social dicha inserci\u00f3n. Principalmente, como ha detallado CEPES, centros especiales de empleo de iniciativa social, empresas de inserci\u00f3n y cooperativas de iniciativa social y sus entidades promotoras.<\/p>\n<p> El periodo de ejecuci\u00f3n de los proyectos ser\u00e1 desde el 1 de enero de 2024 al 31 de diciembre de 2026. Por otro lado, las operaciones seleccionadas tendr\u00e1n una duraci\u00f3n m\u00ednima de 30 meses y m\u00e1xima de 36. En concreto, seg\u00fan ha indicado la entidad, deber\u00e1n iniciarse como m\u00e1ximo el 1 de julio de 2024 y la fecha l\u00edmite de subvencionalidad del gasto ser\u00e1 el 31 de diciembre de 2026.<\/p>\n<p> Esta convocatoria tiene lugar despu\u00e9s de que la Unidad Administradora del Fondo Social Europeo (UAFSE) renovara el reconocimiento de CEPES en abril del 2023 como Organismo Intermedio del FSE+ para gestionar fondos del nuevo FSE+ y en concreto del Programa EFESO. As\u00ed, CEPES lleva siendo Entidad competente para estas funciones desde el a\u00f1o 2016.<\/p>\n","protected":false},"excerpt":{"rendered":"<p>El periodo de ejecuci\u00f3n de las iniciativas tendr\u00e1 lugar desde el 1 de enero de 2024 al 31 de diciembre de 2026 MADRID, 8 (EUROPA PRESS) Un total de 90 proyectos se han presentado a la convocatoria de ayudas FSE+ lanzada por la Confederaci\u00f3n Empresarial Espa\u00f1ola de la Econom\u00eda Social (CEPES), en calidad de Organismo [&hellip;]<\/p>\n","protected":false},"author":1,"featured_media":0,"comment_status":"closed","ping_status":"closed","sticky":false,"template":"","format":"standard","meta":{"footnotes":""},"categories":[],"tags":[],"class_list":["post-50980","post","type-post","status-publish","format-standard","hentry"],"_links":{"self":[{"href":"https:\/\/webciudadana.net\/index.php?rest_route=\/wp\/v2\/posts\/50980","targetHints":{"allow":["GET"]}}],"collection":[{"href":"https:\/\/webciudadana.net\/index.php?rest_route=\/wp\/v2\/posts"}],"about":[{"href":"https:\/\/webciudadana.net\/index.php?rest_route=\/wp\/v2\/types\/post"}],"author":[{"embeddable":true,"href":"https:\/\/webciudadana.net\/index.php?rest_route=\/wp\/v2\/users\/1"}],"replies":[{"embeddable":true,"href":"https:\/\/webciudadana.net\/index.php?rest_route=%2Fwp%2Fv2%2Fcomments&post=50980"}],"version-history":[{"count":0,"href":"https:\/\/webciudadana.net\/index.php?rest_route=\/wp\/v2\/posts\/50980\/revisions"}],"wp:attachment":[{"href":"https:\/\/webciudadana.net\/index.php?rest_route=%2Fwp%2Fv2%2Fmedia&parent=50980"}],"wp:term":[{"taxonomy":"category","embeddable":true,"href":"https:\/\/webciudadana.net\/index.php?rest_route=%2Fwp%2Fv2%2Fcategories&post=50980"},{"taxonomy":"post_tag","embeddable":true,"href":"https:\/\/webciudadana.net\/index.php?rest_route=%2Fwp%2Fv2%2Ftags&post=50980"}],"curies":[{"name":"wp","href":"https:\/\/api.w.org\/{rel}","templated":true}]}}