{"id":50989,"date":"2024-03-08T13:08:33","date_gmt":"2024-03-08T12:08:33","guid":{"rendered":"https:\/\/ticker-noticiasep.microcontenidos.com\/NoticiaRSS.vbhtml?user=XRNR562DLR&amp;cod=20240308130833"},"modified":"2024-03-08T13:08:33","modified_gmt":"2024-03-08T12:08:33","slug":"la-carrera-del-agua-de-canal-de-isabel-ii-llenara-las-calles-de-madrid-este-domingo-con-3-300-participantes","status":"publish","type":"post","link":"https:\/\/webciudadana.net\/?p=50989","title":{"rendered":"La Carrera del Agua de Canal de Isabel II llenar\u00e1 las calles de Madrid este domingo con 3.300 participantes"},"content":{"rendered":"\n<div><img decoding=\"async\" src=\"\/wp-content\/uploads\/sites\/2\/2024\/03\/la-carrera-del-agua-de-canal-de-isabel-ii-llenara-las-calles-de-madrid-este-domingo-con-3-300-participantes.jpg\" class=\"ff-og-image-inserted\"><\/div>\n<p> De 5 km comenzar\u00e1 en la calle Padre Dami\u00e1n y la de 10km media hora despu\u00e9s en la calle Mateo Inurria<\/p>\n<p> MADRID, 8 (EUROPA PRESS)<\/p>\n<p> Un total de 3.300 corredores inscritos en la Carrera del Agua del Canal de Isabel II est\u00e1n llamados para llenar las calles de Madrid de running y salud en la 41\u00aa edici\u00f3n de esta cl\u00e1sica de la Comunidad de Madrid, que este a\u00f1o ha agotado dorsales con una semana de antelaci\u00f3n, ha informado hoy la organizaci\u00f3n del evento.<\/p>\n<p> La jornada deportiva comenzar\u00e1 a las 09:00 horas en la calle Padre Dami\u00e1n con la salida de la carrera corta, de 5 kil\u00f3metros homologados. En esta prueba, Rodrigo Mendoza, ganador de la pasada edici\u00f3n, intentar\u00e1 rebajar el r\u00e9cord de la Carrera del Agua que estableciera en 2023 con un espectacular crono: 14:46.<\/p>\n<p> El plato fuerte de la Carrera del Agua llegar\u00e1 a las 09:30 horas en la calle Mateo Inurria con la salida de la distancia cl\u00e1sica: los 10 kil\u00f3metros. Estos 10 kil\u00f3metros homologados son una de las pruebas m\u00e1s r\u00e1pidas de la Comunidad de Madrid, con salida en la calle Mateo Inurria, y uniendo dos de los dep\u00f3sitos de Canal de Isabel II m\u00e1s importantes de la capital: el Cuarto Dep\u00f3sito de Plaza Castilla y el Tercer Dep\u00f3sito en paseo de San Francisco de Sales, junto a Islas Filipinas.<\/p>\n<p> Es un recorrido favorable, con una tendencia descendente especialmente en sus \u00faltimos cuatro kil\u00f3metros, lo que convierte este circuito en el escenario ideal para lograr grandes marcas y acreditar crono para pruebas como la San Silvestre Vallecana.<\/p>\n<p> Alejandro Jim\u00e9nez ser\u00e1 la gran estrella de esta edici\u00f3n. Tras vencer en 2023 con r\u00e9cord de la prueba (29:57), el subcampe\u00f3n nacional de marat\u00f3n en 2023 y vigente subcampe\u00f3n mundial de 50 kil\u00f3metros retorna a la Carrera del Agua con el deseo de dejarse llevar por la corriente y volar hacia su mejor marca.<\/p>\n<p> Entre la participaci\u00f3n femenina destaca Mar\u00eda Barbero, reciente campeona nacional sub23 de 10.000 metros, y Alejandra S\u00e1nchez Massa, tercera el a\u00f1o pasado en los 10 kil\u00f3metros. Adem\u00e1s, contar\u00e1 con la participaci\u00f3n de Carlos Novillo, consejero de Medio Ambiente, Agricultura e Interior de la Comunidad de Madrid y presidente de Canal de Isabel II.<\/p>\n<p> La Carrera del Agua inaugura este domingo los actos de celebraci\u00f3n del D\u00eda Mundial del Agua, que tiene lugar el 22 de marzo. Con esta iniciativa, Canal de Isabel II pretende poner en valor este recurso natural escaso y fundamental para la salud, el desarrollo y el bienestar.<\/p>\n<p> Por ello, y como parte del compromiso sostenible de la prueba, en los puntos de avituallamiento se ofrecer\u00e1 agua de Canal en vasos reciclables de cart\u00f3n, para limitar el uso de pl\u00e1sticos, que se une a la priorizaci\u00f3n de las energ\u00edas limpias o al uso de veh\u00edculos el\u00e9ctricos por parte de la organizaci\u00f3n para reducir la huella de carbono.<\/p>\n<p> La Carrera del Agua acumula m\u00e1s de 50.000 participantes entre todas sus ediciones. Una prueba legendaria en el running popular que este domingo escribir\u00e1 otra p\u00e1gina para la historia.<\/p>\n","protected":false},"excerpt":{"rendered":"<p>De 5 km comenzar\u00e1 en la calle Padre Dami\u00e1n y la de 10km media hora despu\u00e9s en la calle Mateo Inurria MADRID, 8 (EUROPA PRESS) Un total de 3.300 corredores inscritos en la Carrera del Agua del Canal de Isabel II est\u00e1n llamados para llenar las calles de Madrid de running y salud en la [&hellip;]<\/p>\n","protected":false},"author":1,"featured_media":0,"comment_status":"closed","ping_status":"closed","sticky":false,"template":"","format":"standard","meta":{"footnotes":""},"categories":[],"tags":[],"class_list":["post-50989","post","type-post","status-publish","format-standard","hentry"],"_links":{"self":[{"href":"https:\/\/webciudadana.net\/index.php?rest_route=\/wp\/v2\/posts\/50989","targetHints":{"allow":["GET"]}}],"collection":[{"href":"https:\/\/webciudadana.net\/index.php?rest_route=\/wp\/v2\/posts"}],"about":[{"href":"https:\/\/webciudadana.net\/index.php?rest_route=\/wp\/v2\/types\/post"}],"author":[{"embeddable":true,"href":"https:\/\/webciudadana.net\/index.php?rest_route=\/wp\/v2\/users\/1"}],"replies":[{"embeddable":true,"href":"https:\/\/webciudadana.net\/index.php?rest_route=%2Fwp%2Fv2%2Fcomments&post=50989"}],"version-history":[{"count":0,"href":"https:\/\/webciudadana.net\/index.php?rest_route=\/wp\/v2\/posts\/50989\/revisions"}],"wp:attachment":[{"href":"https:\/\/webciudadana.net\/index.php?rest_route=%2Fwp%2Fv2%2Fmedia&parent=50989"}],"wp:term":[{"taxonomy":"category","embeddable":true,"href":"https:\/\/webciudadana.net\/index.php?rest_route=%2Fwp%2Fv2%2Fcategories&post=50989"},{"taxonomy":"post_tag","embeddable":true,"href":"https:\/\/webciudadana.net\/index.php?rest_route=%2Fwp%2Fv2%2Ftags&post=50989"}],"curies":[{"name":"wp","href":"https:\/\/api.w.org\/{rel}","templated":true}]}}