{"id":50995,"date":"2024-03-08T14:25:48","date_gmt":"2024-03-08T13:25:48","guid":{"rendered":"https:\/\/ticker-noticiasep.microcontenidos.com\/NoticiaRSS.vbhtml?user=XRNR562DLR&amp;cod=20240308142548"},"modified":"2024-03-08T14:25:48","modified_gmt":"2024-03-08T13:25:48","slug":"8m-la-distribucion-con-149-500-mujeres-en-las-firmas-de-anged-de-los-sectores-que-mas-empleo-femenino-genera","status":"publish","type":"post","link":"https:\/\/webciudadana.net\/?p=50995","title":{"rendered":"8M.-La distribuci\u00f3n, con 149.500 mujeres en las firmas de Anged, de los sectores que m\u00e1s empleo femenino genera"},"content":{"rendered":"\n<div><img decoding=\"async\" src=\"\/wp-content\/uploads\/sites\/2\/2024\/03\/8m-la-distribucion-con-149-500-mujeres-en-las-firmas-de-anged-de-los-sectores-que-mas-empleo-femenino-genera.jpg\" class=\"ff-og-image-inserted\"><\/div>\n<p>Matilde Garc\u00eda Duarte (Anged) asegura que \u00abeliminar barreras y el cambio de cultura corporativa\u00bb son claves para promocionar el talento femenino<\/p>\n<p> MADRID, 8 (EUROPA PRESS)<\/p>\n<p> La distribuci\u00f3n comercial es uno de los sectores que m\u00e1s empleo femenino genera en Espa\u00f1a, llegando a las 149.500 las mujeres que trabajan en las 21 empresas que conforman la Asociaci\u00f3n Nacional de Grandes Empresas de Distribuci\u00f3n (Anged), que cuenta entre sus asociados a empresas como El Corte Ingl\u00e9s, Carrefour, Ikea o MediaMarkt, entre otras.<\/p>\n<p> La actual presidenta de la patronal, Matilde Garc\u00eda Duarte, primera mujer en acceder a este cargo en los 46 a\u00f1os de historia de la asociaci\u00f3n, ha indicado que este 8M, en el que se celebra el D\u00eda de la Mujer, hay \u00abun compromiso por eliminar las barreras que han frenado el desarrollo profesional de las mujeres y su promoci\u00f3n dentro de las compa\u00f1\u00edas\u00bb.<\/p>\n<p> Garc\u00eda Duarte ha recordado que en algunas de las empresas asociadas \u00abm\u00e1s de la mitad de los puestos directivos ya est\u00e1n liderados por mujeres\u00bb. \u00abCuestiones como la formaci\u00f3n, la supresi\u00f3n de barerras de todo tipo y los cambios en la cultura corporativa est\u00e1n siendo fundamentales para detectar ese talento femenino que se puede incorporar a los puestos de direcci\u00f3n\u00bb, ha subrayado.<\/p>\n<p> Actualmente, cinco mujeres ostentan el puesto ejecutivo m\u00e1s alto en las empresas de Anged como es el caso de la presidenta de El Corte Ingl\u00e9s, Marta \u00c1lvarez -a quien acompa\u00f1an otras tres f\u00e9minas en el consejo de administraci\u00f3n-; la consejera delegada del Grupo Eroski, Rosa Carabel; la consejera la de Carrefour Espa\u00f1a, Elodie Perthuisot; la de Fnac Espa\u00f1a, Annabel Chaussat y la de Costco Espa\u00f1a, Diane Tucci.<\/p>\n<p> Adem\u00e1s, en otras multinacionales como Tendam, el 50% de su consejo de administraci\u00f3n son mujeres y nueve de sus 11 marcas de moda est\u00e1n dirigidas por f\u00e9minas, mientras que en Ikea el 55% de su comit\u00e9 de direcci\u00f3n est\u00e1 conformado por mujeres.<\/p>\n<p> En esta direcci\u00f3n, en Carrefour el 51% de los nombramientos para puestos de mando, direcci\u00f3n y gerencia son mujeres, mientras que en Alcampo han conseguido mejorar tres puntos el peso de la mujer en los puestos de responsabilidad, con un 42% del total.<\/p>\n<p> Otras asociadas de Anged como Leroy Merlin trabaja en un programa de liderazgo femenino que ha permitido a un 59% de las mujeres participantes cambiar de puesto o promocionar dentro de la empresa. En Obramat, en un sector masculinizado como la construcci\u00f3n, est\u00e1 derribando barreras para incorporar mujeres, al igual que MediaMarkt, cuya prioridad es el crecimiento profesional de las mujeres dentro de la compa\u00f1\u00eda.<\/p>\n<p> Garc\u00eda Duarte ha recordado que \u00ablas empresas de Anged son un agente clave en la sensibilizaci\u00f3n y lucha contra la violencia de g\u00e9nero, la discriminaci\u00f3n o para la inserci\u00f3n laboral de mujeres con discapacidad\u00bb.<\/p>\n<p> Por \u00faltimo, todas las empresas de Anged cuentan con protocolos contra acoso, campa\u00f1as de sensibilizaci\u00f3n y formaci\u00f3n y planes para favorecer su reinserci\u00f3n laboral de mujeres v\u00edctimas de violencia, adem\u00e1s de medidas de para apoyo material y psicol\u00f3gico a ellas y sus hijos. <\/p>\n","protected":false},"excerpt":{"rendered":"<p>Matilde Garc\u00eda Duarte (Anged) asegura que \u00abeliminar barreras y el cambio de cultura corporativa\u00bb son claves para promocionar el talento femenino MADRID, 8 (EUROPA PRESS) La distribuci\u00f3n comercial es uno de los sectores que m\u00e1s empleo femenino genera en Espa\u00f1a, llegando a las 149.500 las mujeres que trabajan en las 21 empresas que conforman la [&hellip;]<\/p>\n","protected":false},"author":1,"featured_media":0,"comment_status":"closed","ping_status":"closed","sticky":false,"template":"","format":"standard","meta":{"footnotes":""},"categories":[],"tags":[],"class_list":["post-50995","post","type-post","status-publish","format-standard","hentry"],"_links":{"self":[{"href":"https:\/\/webciudadana.net\/index.php?rest_route=\/wp\/v2\/posts\/50995","targetHints":{"allow":["GET"]}}],"collection":[{"href":"https:\/\/webciudadana.net\/index.php?rest_route=\/wp\/v2\/posts"}],"about":[{"href":"https:\/\/webciudadana.net\/index.php?rest_route=\/wp\/v2\/types\/post"}],"author":[{"embeddable":true,"href":"https:\/\/webciudadana.net\/index.php?rest_route=\/wp\/v2\/users\/1"}],"replies":[{"embeddable":true,"href":"https:\/\/webciudadana.net\/index.php?rest_route=%2Fwp%2Fv2%2Fcomments&post=50995"}],"version-history":[{"count":0,"href":"https:\/\/webciudadana.net\/index.php?rest_route=\/wp\/v2\/posts\/50995\/revisions"}],"wp:attachment":[{"href":"https:\/\/webciudadana.net\/index.php?rest_route=%2Fwp%2Fv2%2Fmedia&parent=50995"}],"wp:term":[{"taxonomy":"category","embeddable":true,"href":"https:\/\/webciudadana.net\/index.php?rest_route=%2Fwp%2Fv2%2Fcategories&post=50995"},{"taxonomy":"post_tag","embeddable":true,"href":"https:\/\/webciudadana.net\/index.php?rest_route=%2Fwp%2Fv2%2Ftags&post=50995"}],"curies":[{"name":"wp","href":"https:\/\/api.w.org\/{rel}","templated":true}]}}