{"id":51000,"date":"2024-03-08T16:29:51","date_gmt":"2024-03-08T15:29:51","guid":{"rendered":"https:\/\/ticker-noticiasep.microcontenidos.com\/NoticiaRSS.vbhtml?user=XRNR562DLR&amp;cod=20240308162951"},"modified":"2024-03-08T16:29:51","modified_gmt":"2024-03-08T15:29:51","slug":"8m-cepes-defiende-que-la-igualdad-de-genero-forma-parte-del-adn-del-modelo-empresarial-de-la-economia-social","status":"publish","type":"post","link":"https:\/\/webciudadana.net\/?p=51000","title":{"rendered":"8M.- CEPES defiende que la igualdad de g\u00e9nero \u00abforma parte del ADN del modelo empresarial de la econom\u00eda social\u00bb"},"content":{"rendered":"\n<div><img decoding=\"async\" src=\"\/wp-content\/uploads\/sites\/2\/2024\/03\/8m-cepes-defiende-que-la-igualdad-de-genero-forma-parte-del-adn-del-modelo-empresarial-de-la-economia-social.jpg\" class=\"ff-og-image-inserted\"><\/div>\n<p> MADRID, 8 (EUROPA PRESS)<\/p>\n<p> La Confederaci\u00f3n Empresarial Espa\u00f1ola de la Econom\u00eda Social (CEPES) ha querido sumarse al D\u00eda Internacional de la Mujer de la ONU, que este a\u00f1o se celebra bajo el lema &#8216;Financiar los derechos de las mujeres: acelerar la igualdad&#8217;, y manifestar su compromiso con el fomento de la igualdad de g\u00e9nero y los derechos de las mujeres, as\u00ed como su rechazo ante cualquier situaci\u00f3n de violencia o discriminaci\u00f3n.<\/p>\n<p> Las vicepresidentas de CEPES, Leire Mugerza y Jer\u00f3nima Bonaf\u00e9, junto con el presidente Juan Antonio Pedre\u00f1o, han destacado c\u00f3mo los valores y principios de la econom\u00eda social son una garant\u00eda de que es posible avanzar hacia la plena igualdad de g\u00e9nero, no solo a nivel laboral sino tambi\u00e9n en todos los \u00e1mbitos de la esfera personal.<\/p>\n<p> Pedre\u00f1o, Bonaf\u00e9 y Mugerza han recordado que estas afirmaciones vienen avaladas por los datos del estudio de CEPES &#8216;An\u00e1lisis del Impacto socioecon\u00f3mico de los valores y principios de la Econom\u00eda Social en Espa\u00f1a 2023&#8217; publicado recientemente y que corroboran que este modelo empresarial contribuye de manera efectiva a generar y mantener empleos de calidad, en particular entre las mujeres.<\/p>\n<p> En concreto, Mugerza ha resaltado que este estudio confirma que la brecha salarial entre hombres y mujeres en la econom\u00eda social es notablemente inferior a la del resto del tejido empresarial. As\u00ed, si en la econom\u00eda social esta diferencia retributiva es de un 3%, esta proporci\u00f3n se incrementa hasta un 26% en el resto de las empresas.<\/p>\n<p> Por otra parte, el estudio destaca que la econom\u00eda social cuenta con mayor diversidad de g\u00e9nero y funcional en sus estructuras directivas y en sus puestos de alta cualificaci\u00f3n y, adem\u00e1s, que se trata de un modelo empresarial que aporta mayor flexibilidad para una mejor conciliaci\u00f3n de la vida laboral y personal.<\/p>\n<p> Para Bonaf\u00e9, los logros conseguidos por la econom\u00eda social en materia de igualdad de oportunidades deben seguir consolid\u00e1ndose con nuevas estrategias que favorezcan que las mujeres participen cada vez m\u00e1s en la toma de decisiones. Asimismo, cree que es necesario potenciar en mayor medida el emprendimiento y liderazgo de las mujeres en todos los sectores econ\u00f3micos y en todas las formas de empresa.<\/p>\n<p> Por su parte, el presidente de CEPES ha destacado que la econom\u00eda social aplica y consolida en sus actuaciones la perspectiva de g\u00e9nero de manera transversal. \u00abEste planteamiento se refleja en las estrategias estatales y tambi\u00e9n en las recomendaciones adoptadas por la Uni\u00f3n Europea, Naciones Unidas, la OIT o la OCDE que coinciden en desarrollar pol\u00edticas p\u00fablicas que apoyen a la econom\u00eda social como motor de progreso econ\u00f3mico y factor clave para una igualdad de oportunidades, en especial para las mujeres, porque la igualdad de g\u00e9nero forma parte del ADN de este modelo de empresa\u00bb, ha recordado Pedre\u00f1o.<\/p>\n","protected":false},"excerpt":{"rendered":"<p>MADRID, 8 (EUROPA PRESS) La Confederaci\u00f3n Empresarial Espa\u00f1ola de la Econom\u00eda Social (CEPES) ha querido sumarse al D\u00eda Internacional de la Mujer de la ONU, que este a\u00f1o se celebra bajo el lema &#8216;Financiar los derechos de las mujeres: acelerar la igualdad&#8217;, y manifestar su compromiso con el fomento de la igualdad de g\u00e9nero y [&hellip;]<\/p>\n","protected":false},"author":1,"featured_media":0,"comment_status":"closed","ping_status":"closed","sticky":false,"template":"","format":"standard","meta":{"footnotes":""},"categories":[],"tags":[],"class_list":["post-51000","post","type-post","status-publish","format-standard","hentry"],"_links":{"self":[{"href":"https:\/\/webciudadana.net\/index.php?rest_route=\/wp\/v2\/posts\/51000","targetHints":{"allow":["GET"]}}],"collection":[{"href":"https:\/\/webciudadana.net\/index.php?rest_route=\/wp\/v2\/posts"}],"about":[{"href":"https:\/\/webciudadana.net\/index.php?rest_route=\/wp\/v2\/types\/post"}],"author":[{"embeddable":true,"href":"https:\/\/webciudadana.net\/index.php?rest_route=\/wp\/v2\/users\/1"}],"replies":[{"embeddable":true,"href":"https:\/\/webciudadana.net\/index.php?rest_route=%2Fwp%2Fv2%2Fcomments&post=51000"}],"version-history":[{"count":0,"href":"https:\/\/webciudadana.net\/index.php?rest_route=\/wp\/v2\/posts\/51000\/revisions"}],"wp:attachment":[{"href":"https:\/\/webciudadana.net\/index.php?rest_route=%2Fwp%2Fv2%2Fmedia&parent=51000"}],"wp:term":[{"taxonomy":"category","embeddable":true,"href":"https:\/\/webciudadana.net\/index.php?rest_route=%2Fwp%2Fv2%2Fcategories&post=51000"},{"taxonomy":"post_tag","embeddable":true,"href":"https:\/\/webciudadana.net\/index.php?rest_route=%2Fwp%2Fv2%2Ftags&post=51000"}],"curies":[{"name":"wp","href":"https:\/\/api.w.org\/{rel}","templated":true}]}}