{"id":51001,"date":"2024-03-08T16:27:03","date_gmt":"2024-03-08T15:27:03","guid":{"rendered":"https:\/\/ticker-noticiasep.microcontenidos.com\/NoticiaRSS.vbhtml?user=XRNR562DLR&amp;cod=20240308162703"},"modified":"2024-03-08T16:27:03","modified_gmt":"2024-03-08T15:27:03","slug":"fcc-conmemora-el-dia-internacional-de-la-mujer","status":"publish","type":"post","link":"https:\/\/webciudadana.net\/?p=51001","title":{"rendered":"FCC conmemora el D\u00eda Internacional de la Mujer"},"content":{"rendered":"\n<div><img decoding=\"async\" src=\"\/wp-content\/uploads\/sites\/2\/2024\/03\/fcc-conmemora-el-dia-internacional-de-la-mujer.jpg\" class=\"ff-og-image-inserted\"><\/div>\n<p>(Informaci\u00f3n remitida por la empresa firmante)<\/p>\n<p>\nLa compa\u00f1\u00eda, bajo el slogan \u00abLa mujer: visi\u00f3n y perspectiva en nuestros sectores\u00bb, ha llevado a cabo un acto en la Sede Corporativa de las Tablas, en Madrid, en el que se ha analizado la situaci\u00f3n de la mujer con especial referencia a los sectores en los que la empresa tiene actividad<\/p>\n<p>\nMadrid, 8 de marzo de 2024.-*FCC celebra hoy el D\u00eda Internacional de la Mujer que tiene lugar cada a\u00f1o el 8 de marzo, una fecha que ha adquirido una relevancia mundial y que se ha transformado para FCC en un espacio de an\u00e1lisis y reflexi\u00f3n sobre los aspectos que a\u00fan se han de mejorar y los progresos alcanzados por y en favor de las mujeres.<\/p>\n<p> La compa\u00f1\u00eda, bajo el slogan \u00abLa mujer: visi\u00f3n y perspectiva en nuestros sectores\u00bb, ha llevado a cabo un acto en la Sede Corporativa de las Tablas, en Madrid, en el que se ha analizado la situaci\u00f3n de la mujer con especial referencia a los sectores en los que la empresa tiene actividad. Dicha jornada ha sido inaugurada por Esther Alcocer Koplowitz, presidenta del Grupo FCC, y que durante su intervenci\u00f3n ha querido destacar que \u00abconformamos un grupo fuerte y nos hace fuertes no solo nuestro saber hacer y liderazgo en los sectores de actividad en los que actuamos, sino tambi\u00e9n nuestro compromiso permanente con valores como el de la igualdad y la justicia social\u00bb.*<\/p>\n<p>\nBajo el formato de mesa redonda, compuesta por representantes de las patronales de cada uno de los sectores de actividad que desempe\u00f1a la compa\u00f1\u00eda, han participado, por parte del sector medioambiental, Antonio Rodr\u00edguez G\u00f3mez, director de la delegaci\u00f3n Centro y presidente de la Asociaci\u00f3n de Empresas de Gesti\u00f3n de Infraestructura Verde (ASEJA); del sector de agua, Mar\u00eda \u00c1ngeles Polo \u00c1valos, responsable del departamento de Talento y Diversidad de Aqualia y presidenta del Grupo de Trabajo de Formaci\u00f3n de la Asociaci\u00f3n Espa\u00f1ola de Empresas Gestoras de Servicios de Agua Urbana (AGA); en representaci\u00f3n del sector de la construcci\u00f3n, representado por Pedro Fern\u00e1ndez Al\u00e9n, presidente de la Fundaci\u00f3n Laboral de la Construcci\u00f3n (FLC) y de la Confederaci\u00f3n Nacional de la Construcci\u00f3n; del sector cementero, Aniceto Zaragoza Ram\u00edrez, director general de la Agrupaci\u00f3n de fabricantes de cemento de Espa\u00f1a, Oficemen y por \u00faltimo, del sector Inmobiliario, Ana Hern\u00e1ndez G\u00f3mez, directora de negocio del \u00e1rea Inmobiliaria del Grupo FCC y miembro de la Junta Rectora de la Asociaci\u00f3n de Promotores Inmobiliarios de Madrid (ASPRIMA) y presidenta de la Comisi\u00f3n de Formaci\u00f3n de dicha asociaci\u00f3n.** *<\/p>\n<p>\nLa jornada se ha clausurado con un video en el que han participado trabajadoras de las distintas \u00e1reas de negocio y sus familiares, en el que comparten sus experiencias profesionales.<\/p>\n<p> \u00abNuestro compromiso constante con la igualdad\u00bb<\/p>\n<p>\n*FCC cuenta con una pol\u00edtica de igualdad y diversidad a trav\u00e9s de la cual reafirma su compromiso con los principios fundamentales de igualdad, no discriminaci\u00f3n en el entorno laboral, apoyo a la diversidad en la empresa y respeto a la heterogeneidad de las personas.*En esta labor, en la que la compa\u00f1\u00eda trabaja desde hace a\u00f1os, ha dado ya importantes frutos y valores, gracias a los cuales va afianz\u00e1ndose una atm\u00f3sfera de trabajo justa, seria y profundamente diversa.<\/p>\n<p> Adem\u00e1s, destacar que las \u00e1reas de negocio de FCC cuentan con un total de catorce Planes de Igualdad que sirven de veh\u00edculo para el impulso de acciones y medidas en relaci\u00f3n con la igualdad de g\u00e9nero.<\/p>\n<p> Emisor: FCC<\/p>\n<p>\nContacto<\/p>\n<p>\nNombre contacto: FCC<\/p>\n<p>\nDescripci\u00f3n contacto: FCC<\/p>\n<p>\nTel\u00e9fono de contacto: 91 359 54 00<\/p>\n","protected":false},"excerpt":{"rendered":"<p>(Informaci\u00f3n remitida por la empresa firmante) La compa\u00f1\u00eda, bajo el slogan \u00abLa mujer: visi\u00f3n y perspectiva en nuestros sectores\u00bb, ha llevado a cabo un acto en la Sede Corporativa de las Tablas, en Madrid, en el que se ha analizado la situaci\u00f3n de la mujer con especial referencia a los sectores en los que la [&hellip;]<\/p>\n","protected":false},"author":1,"featured_media":0,"comment_status":"closed","ping_status":"closed","sticky":false,"template":"","format":"standard","meta":{"footnotes":""},"categories":[],"tags":[],"class_list":["post-51001","post","type-post","status-publish","format-standard","hentry"],"_links":{"self":[{"href":"https:\/\/webciudadana.net\/index.php?rest_route=\/wp\/v2\/posts\/51001","targetHints":{"allow":["GET"]}}],"collection":[{"href":"https:\/\/webciudadana.net\/index.php?rest_route=\/wp\/v2\/posts"}],"about":[{"href":"https:\/\/webciudadana.net\/index.php?rest_route=\/wp\/v2\/types\/post"}],"author":[{"embeddable":true,"href":"https:\/\/webciudadana.net\/index.php?rest_route=\/wp\/v2\/users\/1"}],"replies":[{"embeddable":true,"href":"https:\/\/webciudadana.net\/index.php?rest_route=%2Fwp%2Fv2%2Fcomments&post=51001"}],"version-history":[{"count":0,"href":"https:\/\/webciudadana.net\/index.php?rest_route=\/wp\/v2\/posts\/51001\/revisions"}],"wp:attachment":[{"href":"https:\/\/webciudadana.net\/index.php?rest_route=%2Fwp%2Fv2%2Fmedia&parent=51001"}],"wp:term":[{"taxonomy":"category","embeddable":true,"href":"https:\/\/webciudadana.net\/index.php?rest_route=%2Fwp%2Fv2%2Fcategories&post=51001"},{"taxonomy":"post_tag","embeddable":true,"href":"https:\/\/webciudadana.net\/index.php?rest_route=%2Fwp%2Fv2%2Ftags&post=51001"}],"curies":[{"name":"wp","href":"https:\/\/api.w.org\/{rel}","templated":true}]}}