{"id":51003,"date":"2024-03-08T16:22:13","date_gmt":"2024-03-08T15:22:13","guid":{"rendered":"https:\/\/ticker-noticiasep.microcontenidos.com\/NoticiaRSS.vbhtml?user=XRNR562DLR&amp;cod=20240308162213"},"modified":"2024-03-08T16:22:13","modified_gmt":"2024-03-08T15:22:13","slug":"salud-mas-de-1-000-especialistas-abordan-la-aplicacion-de-la-ia-y-los-desafios-en-la-cirugia-de-retina","status":"publish","type":"post","link":"https:\/\/webciudadana.net\/?p=51003","title":{"rendered":"Salud: M\u00e1s de 1.000 especialistas abordan la aplicaci\u00f3n de la IA y los desaf\u00edos en la cirug\u00eda de retina"},"content":{"rendered":"\n<div><img decoding=\"async\" src=\"\/wp-content\/uploads\/sites\/2\/2024\/03\/salud-mas-de-1-000-especialistas-abordan-la-aplicacion-de-la-ia-y-los-desafios-en-la-cirugia-de-retina.jpg\" class=\"ff-og-image-inserted\"><\/div>\n<p>(Informaci\u00f3n remitida por la empresa firmante)<\/p>\n<p>\nLa Sociedad Espa\u00f1ola de Retina y V\u00edtreo (SERV) ha inaugurado la 27\u00ba edici\u00f3n de su congreso anual que se celebra durante los d\u00edas 8 y 9 de marzo en Madrid<\/p>\n<p> \u00abEn esta edici\u00f3n tenemos importantes novedades, algunas de ellas relacionadas con nuevos medicamentos que tenemos para el tratamiento de enfermedades muy prevalentes que provocan ceguera\u00bb, se\u00f1ala el presidente de la SERV, el profesor Alfredo Garc\u00eda Layana<\/p>\n<p>\nEl vicepresidente de la SERV, el Dr. Luis Arias Barquet, destaca la importancia de la tecnolog\u00eda dentro de la cirug\u00eda: \u00abdisponemos de microscopios de alta tecnolog\u00eda basados en tecnolog\u00eda de 3D, lo que va a permitir que el cirujano est\u00e9 mirando una pantalla con mucho aumento y eso permite hacer maniobras quir\u00fargicas con mucho m\u00e1s detalle\u00bb<\/p>\n<p>\nLa Medalla de Honor 2024 ha reca\u00eddo en la oftalm\u00f3loga estadounidense Johanna M. Seddon, una doctora referente a nivel internacional gracias a sus trabajos en epidemiolog\u00eda<\/p>\n<p>\nDurante las dos jornadas que dura el congreso se presentar\u00e1n los \u00faltimos avances tecnol\u00f3gicos tanto para el diagn\u00f3stico como para el abordaje de las principales enfermedades de la retina, coroides y v\u00edtreo<\/p>\n<p>\n*<\/p>\n<p>\nMadrid, 8 de marzo de 2024. La XXVII edici\u00f3n del congreso anual de la Sociedad Espa\u00f1ola de Retina y V\u00edtreo (SERV) ha dado comienzo con la asistencia de m\u00e1s de 1.000 especialistas de todo el mundo. As\u00ed, durante los d\u00edas 8 y 9 de marzo los mejores oftalm\u00f3logos internacionales se dar\u00e1n cita para intercambiar y actualizar conocimientos, y abordar las \u00faltimas novedades y avances de las principales enfermedades de la retina, coroides y v\u00edtreo.<\/p>\n<p> La aplicaci\u00f3n de la inteligencia artificial, los desaf\u00edos en la cirug\u00eda de retina, los nuevos tratamientos farmacol\u00f3gicos en enfermedades maculares o la llegada de nuevas terapias g\u00e9nicas, ser\u00e1n algunos de los temas a tratar durante las dos jornadas del congreso.<\/p>\n<p> \u00abEn esta edici\u00f3n tenemos importantes novedades, algunas de ellas relacionadas con nuevos medicamentos que tenemos para el tratamiento de enfermedades muy prevalentes que provocan ceguera. Tambi\u00e9n trataremos sobre los avances en inteligencia artificial y sobre temas de seguridad, c\u00f3mo algunos f\u00e1rmacos pueden provocar problemas en nuestros pacientes y tratando de adoptar medidas que los eviten\u00bb, se\u00f1ala el presidente de la SERV, el profesor Alfredo Garc\u00eda Layana.<\/p>\n<p> El uso de la tecnolog\u00eda dentro de la cirug\u00eda y las nuevas t\u00e9cnicas de tratamiento de la retina y otras patolog\u00edas ser\u00e1n tambi\u00e9n algunos de los temas protagonistas durante el congreso. Tal y como explica el vicepresidente de la SERV, el Dr. Luis Arias Barquet: \u00abLa retina est\u00e1 en el fondo del ojo y las t\u00e9cnicas de imagen para visualizarlas son muy importantes. Actualmente, disponemos de fotograf\u00edas de campo amplio que nos dejan ver toda la retina perif\u00e9rica, la parte central, esc\u00e1neres que nos permiten ver muy bien el an\u00e1lisis de las capas de la retina. Y en cuanto a la cirug\u00eda, disponemos de microscopios de alta tecnolog\u00eda basados en tecnolog\u00eda de 3D, lo que consigue que el cirujano est\u00e9 mirando una pantalla con mucho aumento y eso permite hacer maniobras quir\u00fargicas con mucho m\u00e1s detalle\u00bb.<\/p>\n<p> Medalla de Honor a la doctora Johanna M. Seddon<\/p>\n<p>\nDurante la primera jornada inaugural se ha hecho adem\u00e1s entrega de la Medalla de Honor 2024 a la oftalm\u00f3loga estadounidense Johanna M. Seddon, una doctora referente en la prevenci\u00f3n de la DMAE a nivel internacional que ha conseguido salvar la vista de millones de personas en todo el mundo gracias a sus trabajos en epidemiolog\u00eda.<\/p>\n<p> La doctora Seddon se ha mostrado muy agradecida al recibir el galard\u00f3n y ha hablado sobre algunos de los retos que tiene la oftalmolog\u00eda del futuro: \u00abUno de ellos es reducir los tratamientos para la degeneraci\u00f3n macular y mejorar las terapias para el glaucoma y la retinopat\u00eda diab\u00e9tica. Tambi\u00e9n la prevenci\u00f3n de algunas de estas enfermedades que reducir\u00eda la carga del tratamiento, as\u00ed como mejorar la atenci\u00f3n de ciertos segmentos de la poblaci\u00f3n que no tienen acceso\u00bb.<\/p>\n<p> Asimismo, el congreso contar\u00e1 con la participaci\u00f3n de cinco reconocidos expertos de Reino Unido, Italia, Portugal y M\u00e9xico que han asistido para aportar y compartir su experiencia y conocimientos con el resto de especialistas.<\/p>\n<p> Los oftalm\u00f3logos del futuro<\/p>\n<p>\nOtra de las citas importantes que tendr\u00e1 lugar durante la segunda jornada del congreso ser\u00e1 la VIII Reuni\u00f3n SERV 40, un espacio en el que participar\u00e1n oftalm\u00f3logos menores de 40 a\u00f1os.<\/p>\n<p> Manuel S\u00e1enz de Viteri, coordinador de la SERV 40, subraya la importancia de este tipo de encuentros para la formaci\u00f3n de los j\u00f3venes oftalm\u00f3logos y el futuro de la especialidad: \u00abLos j\u00f3venes est\u00e1n acostumbrados a manejar herramientas inform\u00e1ticas que ya no s\u00f3lo son el futuro, sino que empiezan a ser el presente de nuestra profesi\u00f3n. Es fundamental y primordial enfocar todos los esfuerzos para que su formaci\u00f3n est\u00e9 garantizada con este tipo de congresos y con este tipo de reuniones, en donde los programas est\u00e1n especialmente dise\u00f1ados para ser atractivos y cercanos a lo que es su d\u00eda a d\u00eda\u00bb.<\/p>\n<p> Dentro de este espacio tambi\u00e9n se llevar\u00e1 a cabo la segunda edici\u00f3n del Concurso de V\u00eddeos Quir\u00fargicos, una iniciativa clave para la pr\u00e1ctica de su formaci\u00f3n. \u00abAdem\u00e1s del certamen de v\u00eddeos de retina quir\u00fargica, este a\u00f1o como novedad, los expertos que han hecho programas de formaci\u00f3n tanto nacional como en el extranjero compartir\u00e1n con el resto c\u00f3mo acceder a esos programas, y luego tenemos mesas de retina m\u00e9dica donde hablamos de las \u00faltimas novedades en tratamientos de terapias centralizadas, que es pr\u00e1cticamente el gran volumen de pacientes que tenemos en las consultas de retina y que es lo que m\u00e1s interesa a la mayor\u00eda de los que trabajan en hospitales generales\u00bb, se\u00f1ala Isora Follana, coordinadora de la SERV 40.<\/p>\n<p> Para m\u00e1s informaci\u00f3n: https:\/\/www.congresoserv.org\/<\/p>\n<p>\nSobre la SERV<\/p>\n<p>\nLa Sociedad Espa\u00f1ola de Retina y V\u00edtreo es una asociaci\u00f3n cient\u00edfica sin \u00e1nimo de lucro que tiene por objeto fomentar el estudio de las enfermedades de la retina, coroides y v\u00edtreo. Entre sus objetivos figuran establecer intercambios para ampliar, promover y actualizar los estudios relacionados con la patolog\u00eda y cirug\u00eda de la retina, coroides y v\u00edtreo, fomentar la difusi\u00f3n de los m\u00e9todos terap\u00e9uticos, y contribuir a la formaci\u00f3n y actualizaci\u00f3n de sus miembros en \u00e9ste \u00e1rea del conocimiento.<\/p>\n<p> Emisor:* SERV<\/p>\n<p>\nPara m\u00e1s informaci\u00f3n o gesti\u00f3n de entrevistas:<\/p>\n<p>\neuropa press Comunicaci\u00f3n &#8211; 91 359 26 00<\/p>\n<p>\nvirginiagarcia@europapress.es<\/p>\n<p>\ndanielcalvo@europapress.es<\/p>\n<p>\nsilviamullor@europapress.es<\/p>\n<p>\n*<\/p>\n<p>\n*<\/p>\n<p>\n*<\/p>\n","protected":false},"excerpt":{"rendered":"<p>(Informaci\u00f3n remitida por la empresa firmante) La Sociedad Espa\u00f1ola de Retina y V\u00edtreo (SERV) ha inaugurado la 27\u00ba edici\u00f3n de su congreso anual que se celebra durante los d\u00edas 8 y 9 de marzo en Madrid \u00abEn esta edici\u00f3n tenemos importantes novedades, algunas de ellas relacionadas con nuevos medicamentos que tenemos para el tratamiento de [&hellip;]<\/p>\n","protected":false},"author":1,"featured_media":0,"comment_status":"closed","ping_status":"closed","sticky":false,"template":"","format":"standard","meta":{"footnotes":""},"categories":[],"tags":[],"class_list":["post-51003","post","type-post","status-publish","format-standard","hentry"],"_links":{"self":[{"href":"https:\/\/webciudadana.net\/index.php?rest_route=\/wp\/v2\/posts\/51003","targetHints":{"allow":["GET"]}}],"collection":[{"href":"https:\/\/webciudadana.net\/index.php?rest_route=\/wp\/v2\/posts"}],"about":[{"href":"https:\/\/webciudadana.net\/index.php?rest_route=\/wp\/v2\/types\/post"}],"author":[{"embeddable":true,"href":"https:\/\/webciudadana.net\/index.php?rest_route=\/wp\/v2\/users\/1"}],"replies":[{"embeddable":true,"href":"https:\/\/webciudadana.net\/index.php?rest_route=%2Fwp%2Fv2%2Fcomments&post=51003"}],"version-history":[{"count":0,"href":"https:\/\/webciudadana.net\/index.php?rest_route=\/wp\/v2\/posts\/51003\/revisions"}],"wp:attachment":[{"href":"https:\/\/webciudadana.net\/index.php?rest_route=%2Fwp%2Fv2%2Fmedia&parent=51003"}],"wp:term":[{"taxonomy":"category","embeddable":true,"href":"https:\/\/webciudadana.net\/index.php?rest_route=%2Fwp%2Fv2%2Fcategories&post=51003"},{"taxonomy":"post_tag","embeddable":true,"href":"https:\/\/webciudadana.net\/index.php?rest_route=%2Fwp%2Fv2%2Ftags&post=51003"}],"curies":[{"name":"wp","href":"https:\/\/api.w.org\/{rel}","templated":true}]}}