{"id":51011,"date":"2024-03-08T22:10:47","date_gmt":"2024-03-08T21:10:47","guid":{"rendered":"https:\/\/ticker-noticiasep.microcontenidos.com\/NoticiaRSS.vbhtml?user=XRNR562DLR&amp;cod=20240308221047"},"modified":"2024-03-08T22:10:47","modified_gmt":"2024-03-08T21:10:47","slug":"8m-palladium-hotel-group-homenajea-a-las-mujeres-que-han-forjado-su-trayectoria-en-la-compania","status":"publish","type":"post","link":"https:\/\/webciudadana.net\/?p=51011","title":{"rendered":"8M.- Palladium Hotel Group homenajea a las mujeres que han forjado su trayectoria en la compa\u00f1\u00eda"},"content":{"rendered":"\n<div><img decoding=\"async\" src=\"\/wp-content\/uploads\/sites\/2\/2024\/03\/8m-palladium-hotel-group-homenajea-a-las-mujeres-que-han-forjado-su-trayectoria-en-la-compania.jpg\" class=\"ff-og-image-inserted\"><\/div>\n<p> MADRID, 8 (EUROPA PRESS)<\/p>\n<p> Palladium Hotel Group ha querido homenajear en el D\u00eda Internacional de la Mujer a aquellas que han forjado la trayectoria de la compa\u00f1\u00eda y que representan la diversidad, la inclusi\u00f3n y la equidad.<\/p>\n<p> La compa\u00f1\u00eda asegura que fomenta un ambiente laboral equitativo a trav\u00e9s de la inversi\u00f3n y apuesta por el desarrollo profesional de las mujeres en el seno de su empresa. A nivel global, la plantilla de Palladium Hotel Group est\u00e1 compuesta por un 45,5% de mujeres.<\/p>\n<p> \u00abLa formaci\u00f3n en este \u00e1mbito es fundamental y ha de llegar a todos los empleados, independientemente de su \u00e1mbito profesional\u00bb, asegura la hotelera presidida por Abel Matutes.<\/p>\n<p> En Palladium Hotel Group, cerca de un 70% de la plantilla global ya se ha formado en el Plan de Igualdad, adem\u00e1s de haber dedicado en 2023 un total de 183 horas a la sensibilizaci\u00f3n en igualdad de g\u00e9nero.<\/p>\n<p> A nivel externo el compromiso se hace patente con proyectos como &#8216;4 causes to take action&#8217;, donde la causa en la que se ha estado trabajando en los tres \u00faltimos meses y que culmina este mes de marzo est\u00e1 precisamente centrada en trabajar para combatir desigualdades de todo tipo.<\/p>\n<p> En el video elaborado por la compa\u00f1\u00eda se homenajea a algunas de las mujeres m\u00e1s destacadas de su plantilla como Carmen Matutes, subdirectora general de Palladium Hotel Group; Gloria Juste, directora de RSC; Nayra Gonz\u00e1lez, directora del Bless Hotel Madrid; Ana Catro, directora del TRS Ibiza entre muchas otras.<\/p>\n","protected":false},"excerpt":{"rendered":"<p>MADRID, 8 (EUROPA PRESS) Palladium Hotel Group ha querido homenajear en el D\u00eda Internacional de la Mujer a aquellas que han forjado la trayectoria de la compa\u00f1\u00eda y que representan la diversidad, la inclusi\u00f3n y la equidad. La compa\u00f1\u00eda asegura que fomenta un ambiente laboral equitativo a trav\u00e9s de la inversi\u00f3n y apuesta por el [&hellip;]<\/p>\n","protected":false},"author":1,"featured_media":0,"comment_status":"closed","ping_status":"closed","sticky":false,"template":"","format":"standard","meta":{"footnotes":""},"categories":[],"tags":[],"class_list":["post-51011","post","type-post","status-publish","format-standard","hentry"],"_links":{"self":[{"href":"https:\/\/webciudadana.net\/index.php?rest_route=\/wp\/v2\/posts\/51011","targetHints":{"allow":["GET"]}}],"collection":[{"href":"https:\/\/webciudadana.net\/index.php?rest_route=\/wp\/v2\/posts"}],"about":[{"href":"https:\/\/webciudadana.net\/index.php?rest_route=\/wp\/v2\/types\/post"}],"author":[{"embeddable":true,"href":"https:\/\/webciudadana.net\/index.php?rest_route=\/wp\/v2\/users\/1"}],"replies":[{"embeddable":true,"href":"https:\/\/webciudadana.net\/index.php?rest_route=%2Fwp%2Fv2%2Fcomments&post=51011"}],"version-history":[{"count":0,"href":"https:\/\/webciudadana.net\/index.php?rest_route=\/wp\/v2\/posts\/51011\/revisions"}],"wp:attachment":[{"href":"https:\/\/webciudadana.net\/index.php?rest_route=%2Fwp%2Fv2%2Fmedia&parent=51011"}],"wp:term":[{"taxonomy":"category","embeddable":true,"href":"https:\/\/webciudadana.net\/index.php?rest_route=%2Fwp%2Fv2%2Fcategories&post=51011"},{"taxonomy":"post_tag","embeddable":true,"href":"https:\/\/webciudadana.net\/index.php?rest_route=%2Fwp%2Fv2%2Ftags&post=51011"}],"curies":[{"name":"wp","href":"https:\/\/api.w.org\/{rel}","templated":true}]}}