{"id":51025,"date":"2024-03-11T10:04:24","date_gmt":"2024-03-11T09:04:24","guid":{"rendered":"https:\/\/ticker-noticiasep.microcontenidos.com\/NoticiaRSS.vbhtml?user=XRNR562DLR&amp;cod=20240311100424"},"modified":"2024-03-11T10:04:24","modified_gmt":"2024-03-11T09:04:24","slug":"salud-el-envejecimiento-progresivo-y-la-diabetes-los-principales-desafios-a-los-que-se-enfrenta-la-oftalmologia","status":"publish","type":"post","link":"https:\/\/webciudadana.net\/?p=51025","title":{"rendered":"Salud: El envejecimiento progresivo y la diabetes, los principales desaf\u00edos a los que se enfrenta la oftalmolog\u00eda"},"content":{"rendered":"\n<div><img decoding=\"async\" src=\"\/wp-content\/uploads\/sites\/2\/2024\/03\/salud-el-envejecimiento-progresivo-y-la-diabetes-los-principales-desafios-a-los-que-se-enfrenta-la-oftalmologia.jpg\" class=\"ff-og-image-inserted\"><\/div>\n<p>(Informaci\u00f3n remitida por la empresa firmante)<\/p>\n<p>\n-Estos retos preocupan a los m\u00e1s de 1.200 oftalm\u00f3logos de toda Espa\u00f1a que se han dado cita en el XXVII Congreso de la Sociedad Espa\u00f1ola de Retina y V\u00edtreo celebrado en Madrid<\/p>\n<p>\n-\u00abLa diabetes puede causar retinopat\u00eda diab\u00e9tica que en algunos casos es muy grave y conduce a la ceguera\u00bb, recuerda el presidente de la SERV, el profesor Alfredo Garc\u00eda Layana<\/p>\n<p>\n-\u00abLos nuevos f\u00e1rmacos intrav\u00edtreos para el tratamiento de la degeneraci\u00f3n macular exudativa permitir\u00e1n alargar los intervalos de tratamiento que tenemos hoy en d\u00eda\u00bb, se\u00f1ala el vicepresidente de la SERV, el doctor Luis Arias Barquet<\/p>\n<p>\n-La oftalm\u00f3loga estadounidense Johanna M. Seddon ha recibido la Medalla de Honor de la SERV por sus trabajos en epidemiolog\u00eda<\/p>\n<p>\n-La pr\u00f3xima edici\u00f3n se celebrar\u00e1 en Santiago de Compostela y en la Asamblea General Ordinaria ha sido elegida C\u00e1diz como sede para 2027<\/p>\n<p>\nMadrid, 11 de marzo de 2024. El envejecimiento progresivo y la diabetes son los principales desaf\u00edos a los que se enfrentan los oftalm\u00f3logos en la actualidad, como han puesto de manifiesto durante la XXVII edici\u00f3n del congreso anual de la Sociedad Espa\u00f1ola de Retina y V\u00edtreo (SERV) que ha reunido a m\u00e1s de 1.200 especialistas de toda Espa\u00f1a. Un encuentro cuyo objetivo ha sido intercambiar y actualizar conocimientos, y abordar las \u00faltimas novedades y avances de las principales enfermedades de la retina, coroides y v\u00edtreo.<\/p>\n<p> Como ha destacado el presidente de la SERV, el profesor Alfredo Garc\u00eda Layana, les preocupa el envejecimiento progresivo de la poblaci\u00f3n \u00abque tiene una relaci\u00f3n directa con una mayor incidencia de enfermedades degenerativas y enfermedades que van a afectar a la retina, principalmente las relacionadas con la degeneraci\u00f3n macular y el desprendimiento de retina\u00bb.<\/p>\n<p> La incidencia creciente de la diabetes es otra problem\u00e1tica a la que se enfrenta la especialidad, provocada por un mayor sedentarismo y unos h\u00e1bitos de alimentaci\u00f3n poco saludables en los pa\u00edses occidentales. \u00abLa diabetes tiene repercusi\u00f3n directa sobre la retina, causando retinopat\u00eda diab\u00e9tica que algunos casos puede ser muy grave y conducir a la ceguera\u00bb, ha recordado el doctor Garc\u00eda Layana. La prevenci\u00f3n y la concienciaci\u00f3n de la poblaci\u00f3n de llevar un estilo de vida saludable \u00abpuede disminuir la incidencia de enfermedades tan graves como la retinopat\u00eda diab\u00e9tica\u00bb.<\/p>\n<p> Nuevos f\u00e1rmacos intrav\u00edtreos y el tratamiento de la atrofia geogr\u00e1fica<\/p>\n<p>\nLos nuevos tratamientos farmacol\u00f3gicos en enfermedades maculares, la aplicaci\u00f3n de la inteligencia artificial o el tratamiento de la atrofia geogr\u00e1fica, han sido algunos de los temas que han protagonizado las dos jornadas del congreso.<\/p>\n<p> Los avances que han generado mayor debate en el campo de la retina m\u00e9dica han sido el advenimiento de nuevos tratamientos. \u00abNuevos f\u00e1rmacos intrav\u00edtreos para el tratamiento de la degeneraci\u00f3n macular exudativa que permitir\u00e1n alargar los intervalos de tratamiento que tenemos hoy en d\u00eda\u00bb, ha apuntado el vicepresidente de la SERV, el doctor Luis Arias Barquet.<\/p>\n<p> Tambi\u00e9n se ha debatido sobre el futuro del tratamiento de la atrofia geogr\u00e1fica, \u00abque actualmente es una enfermedad hu\u00e9rfana sin tratamiento, aunque tiene un tratamiento aprobado en Estados Unidos todav\u00eda no ha llegado a Europa\u00bb, seg\u00fan el doctor Arias Barquet. A nivel de retina quir\u00fargica se han evaluado casos complejos de desprendimiento de retina y lo que supone los nuevos avances en la visualizaci\u00f3n con los microscopios quir\u00fargicos de \u00faltima generaci\u00f3n.<\/p>\n<p> Medalla de Honor a la doctora Johanna M. Seddon<\/p>\n<p>\nUno de los momentos m\u00e1s importantes de esta edici\u00f3n ha sido la entrega de la Medalla de Honor de la SERV a la oftalm\u00f3loga estadounidense Johanna M. Seddon, una doctora referente en la prevenci\u00f3n de la DMAE a nivel internacional que ha conseguido salvar la vista de millones de personas en todo el mundo gracias a sus trabajos en epidemiolog\u00eda.<\/p>\n<p> La doctora Seddon se mostr\u00f3 muy agradecida al recibir el galard\u00f3n y mencion\u00f3 algunos de los retos que tiene la oftalmolog\u00eda: \u00abUno de ellos es mejorar los tratamientos para la degeneraci\u00f3n macular y las terapias para el glaucoma y la retinopat\u00eda diab\u00e9tica. Tambi\u00e9n la prevenci\u00f3n de algunas de estas enfermedades que reducir\u00eda la carga del tratamiento, as\u00ed como mejorar la atenci\u00f3n de ciertos segmentos de la poblaci\u00f3n que no tienen acceso\u00bb.<\/p>\n<p> SERV 40: formaci\u00f3n y garantizar el futuro de la especialidad<\/p>\n<p>\nOtra de las citas importantes del fin de semana ha sido la VIII Reuni\u00f3n SERV 40, un espacio en el que han participado oftalm\u00f3logos menores de 40 a\u00f1os y que tiene como objetivo su formaci\u00f3n para garantizar el futuro de la especialidad. \u00abEs fundamental y primordial enfocar todos los esfuerzos para que su formaci\u00f3n est\u00e9 garantizada con este tipo de congresos\u00bb, reconoci\u00f3 Manuel S\u00e1enz de Viteri, coordinador de la SERV 40.<\/p>\n<p> En esta edici\u00f3n, adem\u00e1s del II Concurso de V\u00eddeos Quir\u00fargicos, el espacio ha contado con una interesante mesa de retina m\u00e9dica, como ha explicado Isora Follana, coordinadora de la SERV 40. \u00abEn la mesa de retina hemos hablado de las \u00faltimas novedades en tratamientos de terapias intrav\u00edtreas, que es pr\u00e1cticamente el gran volumen de pacientes que tenemos en las consultas de retina y que es lo que m\u00e1s interesa a la mayor\u00eda de los que trabajan en hospitales generales\u00bb.<\/p>\n<p> La pr\u00f3xima edici\u00f3n se celebrar\u00e1 en Santiago de Compostela y como en cada congreso, *la SERV ha celebrado su Asamblea General Ordinaria donde se ha votado la sede para 2027 que se realizar\u00e1 en C\u00e1diz, una candidatura que se ha impuesto a las de Bilbao y Santander.<\/p>\n<p> Para m\u00e1s informaci\u00f3n: https:\/\/www.congresoserv.org\/<\/p>\n<p>\nSobre la SERV<\/p>\n<p>\nLa Sociedad Espa\u00f1ola de Retina y V\u00edtreo es una asociaci\u00f3n cient\u00edfica sin \u00e1nimo de lucro que tiene por objeto fomentar el estudio de las enfermedades de la retina, coroides y v\u00edtreo. Entre sus objetivos figuran establecer intercambios para ampliar, promover y actualizar los estudios relacionados con la patolog\u00eda y cirug\u00eda de la retina, coroides y v\u00edtreo, fomentar la difusi\u00f3n de los m\u00e9todos terap\u00e9uticos, y contribuir a la formaci\u00f3n y actualizaci\u00f3n de sus miembros en \u00e9ste \u00e1rea del conocimiento.<\/p>\n<p> Para m\u00e1s informaci\u00f3n o gesti\u00f3n de entrevistas:<\/p>\n<p>\neuropa press Comunicaci\u00f3n &#8211; 91 359 26 00<\/p>\n<p>\nvirginiagarcia@europapress.es<\/p>\n<p>\ndanielcalvo@europapress.es<\/p>\n<p>\nsilviamullor@europapress.es<\/p>\n<p>\n*<\/p>\n<p>\n*<\/p>\n<p>\n*<\/p>\n<p>\n*<\/p>\n<p>\n*<\/p>\n<p>\n*<\/p>\n","protected":false},"excerpt":{"rendered":"<p>(Informaci\u00f3n remitida por la empresa firmante) -Estos retos preocupan a los m\u00e1s de 1.200 oftalm\u00f3logos de toda Espa\u00f1a que se han dado cita en el XXVII Congreso de la Sociedad Espa\u00f1ola de Retina y V\u00edtreo celebrado en Madrid -\u00abLa diabetes puede causar retinopat\u00eda diab\u00e9tica que en algunos casos es muy grave y conduce a la [&hellip;]<\/p>\n","protected":false},"author":1,"featured_media":0,"comment_status":"closed","ping_status":"closed","sticky":false,"template":"","format":"standard","meta":{"footnotes":""},"categories":[],"tags":[],"class_list":["post-51025","post","type-post","status-publish","format-standard","hentry"],"_links":{"self":[{"href":"https:\/\/webciudadana.net\/index.php?rest_route=\/wp\/v2\/posts\/51025","targetHints":{"allow":["GET"]}}],"collection":[{"href":"https:\/\/webciudadana.net\/index.php?rest_route=\/wp\/v2\/posts"}],"about":[{"href":"https:\/\/webciudadana.net\/index.php?rest_route=\/wp\/v2\/types\/post"}],"author":[{"embeddable":true,"href":"https:\/\/webciudadana.net\/index.php?rest_route=\/wp\/v2\/users\/1"}],"replies":[{"embeddable":true,"href":"https:\/\/webciudadana.net\/index.php?rest_route=%2Fwp%2Fv2%2Fcomments&post=51025"}],"version-history":[{"count":0,"href":"https:\/\/webciudadana.net\/index.php?rest_route=\/wp\/v2\/posts\/51025\/revisions"}],"wp:attachment":[{"href":"https:\/\/webciudadana.net\/index.php?rest_route=%2Fwp%2Fv2%2Fmedia&parent=51025"}],"wp:term":[{"taxonomy":"category","embeddable":true,"href":"https:\/\/webciudadana.net\/index.php?rest_route=%2Fwp%2Fv2%2Fcategories&post=51025"},{"taxonomy":"post_tag","embeddable":true,"href":"https:\/\/webciudadana.net\/index.php?rest_route=%2Fwp%2Fv2%2Ftags&post=51025"}],"curies":[{"name":"wp","href":"https:\/\/api.w.org\/{rel}","templated":true}]}}