{"id":51039,"date":"2024-03-11T15:09:46","date_gmt":"2024-03-11T14:09:46","guid":{"rendered":"https:\/\/ticker-noticiasep.microcontenidos.com\/NoticiaRSS.vbhtml?user=XRNR562DLR&amp;cod=20240311150946"},"modified":"2024-03-11T15:09:46","modified_gmt":"2024-03-11T14:09:46","slug":"pedro-del-hierro-apoya-con-50-000-euros-a-la-fundacion-quiero-trabajo-ganadora-de-los-beneficios-de-la-coleccion-byby","status":"publish","type":"post","link":"https:\/\/webciudadana.net\/?p=51039","title":{"rendered":"Pedro del Hierro apoya con 50.000 euros a la Fundaci\u00f3n Quiero Trabajo, ganadora de los beneficios de la colecci\u00f3n &#8216;Byby&#8217;"},"content":{"rendered":"\n<div><img decoding=\"async\" src=\"\/wp-content\/uploads\/sites\/2\/2024\/03\/pedro-del-hierro-apoya-con-50-000-euros-a-la-fundacion-quiero-trabajo-ganadora-de-los-beneficios-de-la-coleccion-byby.jpg\" class=\"ff-og-image-inserted\"><\/div>\n<p>&#8216;ByBy&#8217; fue creada hace un a\u00f1o por \u00abocho mujeres referentes\u00bb para acabar con los techos, los prejuicios y las discriminaciones de g\u00e9nero<\/p>\n<p> MADRID, 11 (EUROPA PRESS)<\/p>\n<p> Pedro del Hierro ha entregado a la Fundaci\u00f3n Quiero Trabajo el cheque de 50.000 euros recaudados a partir de la venta de capas solidarias de la iniciativa &#8216;Byby&#8217;, creada por la firma de moda hace un a\u00f1o junto a ocho \u00abmujeres inspiradoras\u00bb de diversos \u00e1mbitos.<\/p>\n<p> La elecci\u00f3n del proyecto se ha llevado a cabo, seg\u00fan ha indicado la entidad, a trav\u00e9s de la votaci\u00f3n de un jurado formado por miembros de Pedro del Hierro y perfiles referentes del \u00e1mbito de la comunicaci\u00f3n y ESG. As\u00ed, la Fundaci\u00f3n Quiero Trabajo, que impulsa la reinserci\u00f3n laboral de mujeres desempleadas y en riesgo de exclusi\u00f3n social, ha sido la entidad social galardonada entre los ocho proyectos participantes.<\/p>\n<p> La colecci\u00f3n &#8216;ByBy&#8217; surgi\u00f3 con el objetivo de \u00abdecir adi\u00f3s a los techos, los prejuicios y las discriminaciones que sufren las mujeres\u00bb, como ha destacado la firma. En ese contexto, las ocho capas solidarias, \u00abs\u00edmbolo de la fortaleza y el liderazgo femenino\u00bb, han estado presentes en las tiendas f\u00edsicas y online de la firma desde el pasado mes de octubre.<\/p>\n<p> En concreto, se trata de capas codise\u00f1adas por el director creativo de mujer de Pedro del Hierro, Nacho Aguayo, y ocho mujeres inspiradoras y referentes de Espa\u00f1a: la gimnasta Alejandra Quereda; las investigadoras Pilar Mateo y Dido Carrero; la coach Celia Rivero; la luthier electr\u00f3nica Reyes Oteo; la artista visual Carlota P\u00e9rez de Castro; la chef estrella Michel\u00edn Vicky Sevilla y la premiada sumiller Mar\u00eda Jos\u00e9 Huertas.<\/p>\n<p> Como han detallado sus impulsores, cada una de estas mujeres inspiradoras dio voz a una causa solidaria, con la que ten\u00eda una conexi\u00f3n especial. As\u00ed, la Fundaci\u00f3n Quiero Trabajo est\u00e1 vinculada con la cient\u00edfica valenciana Pilar Mateo, incluida en la lista Forbes de personas que cambian el mundo y que combina su vocaci\u00f3n cient\u00edfica, con distintos proyectos empresariales y sociales. Adem\u00e1s, en el movimiento &#8216;ByBy&#8217; se inclu\u00edan otras iniciativas como las de Amelya Lupus, Argadini, Djouma, El Sue\u00f1o de Vicky, Mujeres del Vino, Raft Cultural y la Fundaci\u00f3n ACOMPARTIR.<\/p>\n<p> \u00abEn Pedro del Hierro estamos orgullosos de haber impulsado el movimiento ByBy, que ha puesto el foco sobre ocho mujeres \u00fanicas y ocho iniciativas sociales muy necesarias. Por eso, nos enorgullece que la recaudaci\u00f3n de la colecci\u00f3n ByBy contribuya a la encomiable labor de la Fundaci\u00f3n Quiero Trabajo, que empodera a personas vulnerables a conseguir un empleo, especialmente mujeres en riesgo de exclusi\u00f3n social\u00bb ha explicado la directora de marketing y comunicaci\u00f3n de Pedro del Hierro, Maria Sa\u00f1udo.<\/p>\n<p> La presidenta de la Fundaci\u00f3n Quiero Trabajo, Patricia Estany, encargada de recoger el cheque, ha revelado que la idea de constituir la organizaci\u00f3n naci\u00f3 gracias al ejemplo de otras entidades en Inglaterra (Smart Works UK) y Estados Unidos (Dress for Success), que ya trabajaban para preparar a mujeres desempleadas y en riesgo de exclusi\u00f3n social para afrontar con \u00e9xito su reinserci\u00f3n el mercado laboral.<\/p>\n<p> \u00abEsta donaci\u00f3n no solo representa un acto de solidaridad, sino tambi\u00e9n un compromiso tangible con la misi\u00f3n de nuestra fundaci\u00f3n. Con este valioso aporte, estamos mejor equipados para continuar apoyando a las mujeres que, d\u00eda tras d\u00eda, buscan oportunidades y superan desaf\u00edos en el \u00e1mbito laboral. Cada euro recibido se traduce en un impulso adicional para nuestras iniciativas, permiti\u00e9ndonos ampliar nuestro alcance y ofrecer apoyo integral a m\u00e1s mujeres en su camino hacia la independencia econ\u00f3mica\u00bb, ha a\u00f1adido Estany.<\/p>\n<p> El proyecto ha contado tambi\u00e9n con la mentor\u00eda de mujeres reconocidas del \u00e1mbito de la moda y la comunicaci\u00f3n como Ana N\u00fa\u00f1ez-Milara, Charo Izquierdo, Cruz S\u00e1nchez de Lara, Joana Bonet, Mamen S\u00e1nchez, Mayka S\u00e1nchez, Sonia Fornieles y Yolanda Sacrist\u00e1n. Ocho mujeres que han tenido un papel de mentoras durante estos meses y que han formado tambi\u00e9n parte del jurado ByBy, que ha elegido a la Fundaci\u00f3n Quiero Trabajo, seg\u00fan han indicado, por su labor y su compromiso con el desarrollo profesional de las mujeres.<\/p>\n","protected":false},"excerpt":{"rendered":"<p>&#8216;ByBy&#8217; fue creada hace un a\u00f1o por \u00abocho mujeres referentes\u00bb para acabar con los techos, los prejuicios y las discriminaciones de g\u00e9nero MADRID, 11 (EUROPA PRESS) Pedro del Hierro ha entregado a la Fundaci\u00f3n Quiero Trabajo el cheque de 50.000 euros recaudados a partir de la venta de capas solidarias de la iniciativa &#8216;Byby&#8217;, creada [&hellip;]<\/p>\n","protected":false},"author":1,"featured_media":0,"comment_status":"closed","ping_status":"closed","sticky":false,"template":"","format":"standard","meta":{"footnotes":""},"categories":[],"tags":[],"class_list":["post-51039","post","type-post","status-publish","format-standard","hentry"],"_links":{"self":[{"href":"https:\/\/webciudadana.net\/index.php?rest_route=\/wp\/v2\/posts\/51039","targetHints":{"allow":["GET"]}}],"collection":[{"href":"https:\/\/webciudadana.net\/index.php?rest_route=\/wp\/v2\/posts"}],"about":[{"href":"https:\/\/webciudadana.net\/index.php?rest_route=\/wp\/v2\/types\/post"}],"author":[{"embeddable":true,"href":"https:\/\/webciudadana.net\/index.php?rest_route=\/wp\/v2\/users\/1"}],"replies":[{"embeddable":true,"href":"https:\/\/webciudadana.net\/index.php?rest_route=%2Fwp%2Fv2%2Fcomments&post=51039"}],"version-history":[{"count":0,"href":"https:\/\/webciudadana.net\/index.php?rest_route=\/wp\/v2\/posts\/51039\/revisions"}],"wp:attachment":[{"href":"https:\/\/webciudadana.net\/index.php?rest_route=%2Fwp%2Fv2%2Fmedia&parent=51039"}],"wp:term":[{"taxonomy":"category","embeddable":true,"href":"https:\/\/webciudadana.net\/index.php?rest_route=%2Fwp%2Fv2%2Fcategories&post=51039"},{"taxonomy":"post_tag","embeddable":true,"href":"https:\/\/webciudadana.net\/index.php?rest_route=%2Fwp%2Fv2%2Ftags&post=51039"}],"curies":[{"name":"wp","href":"https:\/\/api.w.org\/{rel}","templated":true}]}}