{"id":51054,"date":"2024-03-12T08:59:36","date_gmt":"2024-03-12T07:59:36","guid":{"rendered":"https:\/\/ticker-noticiasep.microcontenidos.com\/NoticiaRSS.vbhtml?user=XRNR562DLR&amp;cod=20240312085936"},"modified":"2024-03-12T08:59:36","modified_gmt":"2024-03-12T07:59:36","slug":"neoris-se-adhiere-al-codigo-de-buenas-practicas-de-ejecon","status":"publish","type":"post","link":"https:\/\/webciudadana.net\/?p=51054","title":{"rendered":"NEORIS se adhiere al C\u00f3digo de Buenas Pr\u00e1cticas de EJE&amp;CON"},"content":{"rendered":"\n<div><img decoding=\"async\" src=\"\/wp-content\/uploads\/sites\/2\/2024\/03\/neoris-se-adhiere-al-codigo-de-buenas-practicas-de-ejecon.jpg\" class=\"ff-og-image-inserted\"><\/div>\n<p>(Informaci\u00f3n remitida por la empresa firmante)<\/p>\n<p>\nEsta acci\u00f3n se suma al resto de las iniciativas que lleva a cabo la compa\u00f1\u00eda para reducir la brecha de g\u00e9nero y lograr una cultura equitativa en el entorno empresarial<\/p>\n<p>\nMadrid, 12 de marzo de 2024.- Como parte de su estrategia de Diversidad e Inclusi\u00f3n, NEORIS ha anunciado su adhesi\u00f3n al C\u00f3digo EJE&amp;CON de Buenas Pr\u00e1cticas para la Gesti\u00f3n del Talento y la Mejora de la Competitividad de la Empresa. El acelerador digital global, con m\u00e1s de 20 a\u00f1os de experiencia en la transformaci\u00f3n digital de grandes empresas, se convierte en una de las m\u00e1s de 150 organizaciones que se han unido al C\u00f3digo de Buenas Pr\u00e1cticas de EJE&amp;CON con el doble objetivo de facilitar el acceso de las mujeres a los puestos de alta direcci\u00f3n y consejos de administraci\u00f3n y mejorar su competitividad a trav\u00e9s de medidas concretas.<\/p>\n<p> Esta adhesi\u00f3n se suma al resto de iniciativas que la compa\u00f1\u00eda lleva a cabo para reducir la brecha de g\u00e9nero y fomentar un entorno de trabajo inclusivo en el que todos los talentos, sin sesgos de g\u00e9nero, puedan desarrollar plenamente todo su potencial. Entre estas iniciativas, destaca la creaci\u00f3n del Comit\u00e9 de Diversidad e Inclusi\u00f3n, que promueve acciones para lograr una representaci\u00f3n equitativa en todos los niveles y funciones de la organizaci\u00f3n, incluyendo los puestos de liderazgo. Otra de las acciones globales m\u00e1s representativas de la compa\u00f1\u00eda es #RaiseYourVoice, que visibiliza cada a\u00f1o el trabajo de mujeres que son referentes en sus respectivos \u00e1mbitos. Adicionalmente, NEORIS fue reconocida por Women Forward como una de las top 50 empresas promotoras de la igualdad en Espa\u00f1a en 2023.<\/p>\n<p> Luis \u00c1lvarez Satorre, presidente de NEORIS en EMEA, asume, adem\u00e1s, desde hace a\u00f1os, el cargo de vicepresidente de estrategia en la junta directiva de EJE&amp;CON. \u00abLa creaci\u00f3n de un entorno de trabajo que fomente la diversidad de g\u00e9nero requiere el compromiso de todos, no solo de las mujeres, sino tambi\u00e9n de las organizaciones, la sociedad y, por supuesto, los hombres. En lugar de ser simples espectadores, debemos convertirnos en aliados activos, abogando por la igualdad de oportunidades y derribando barreras. Estoy seguro de que la presencia de NEORIS en EJE&amp;CON nos ayudar\u00e1 a impulsar un entorno laboral cada vez m\u00e1s inclusivo y equitativo\u00bb, afirm\u00f3 el portavoz.<\/p>\n<p> Por su parte, Cristina Valles, directora general de NEORIS en Espa\u00f1a, declar\u00f3 \u00abesta adhesi\u00f3n a EJE&amp;CON refleja nuestro compromiso firme con la diversidad y la inclusi\u00f3n en puestos de liderazgo. Es fundamental que directivos y empresas tomemos conciencia y adoptemos iniciativas para promover la igualdad de oportunidades y el desarrollo de talento sin barreras de g\u00e9nero\u00bb.<\/p>\n<p> El c\u00f3digo de EJE&amp;CON recoge las principales normas de aplicaci\u00f3n en materia de diversidad e igualdad para garantizar la competitividad y la sostenibilidad de las empresas e instituciones. Adem\u00e1s, presenta una serie de medidas concretas basadas en cuatro grandes principios, como la promoci\u00f3n de la igualdad de oportunidades desde el compromiso de alta direcci\u00f3n, el establecimiento de mecanismos para dotar de transparencia a las pol\u00edticas de igualdad de oportunidades, el fomento del reconocimiento de talento sin g\u00e9nero y la promoci\u00f3n de una cultura que fomente una relaci\u00f3n equilibrada entre la organizaci\u00f3n y el individuo.<\/p>\n<p> Contacto<\/p>\n<p>\nNombre contacto: Lorena Pizano<\/p>\n<p>\nDescripci\u00f3n contacto: ATREVIA<\/p>\n<p>\nTel\u00e9fono de contacto: 669475452<\/p>\n","protected":false},"excerpt":{"rendered":"<p>(Informaci\u00f3n remitida por la empresa firmante) Esta acci\u00f3n se suma al resto de las iniciativas que lleva a cabo la compa\u00f1\u00eda para reducir la brecha de g\u00e9nero y lograr una cultura equitativa en el entorno empresarial Madrid, 12 de marzo de 2024.- Como parte de su estrategia de Diversidad e Inclusi\u00f3n, NEORIS ha anunciado su [&hellip;]<\/p>\n","protected":false},"author":1,"featured_media":0,"comment_status":"closed","ping_status":"closed","sticky":false,"template":"","format":"standard","meta":{"footnotes":""},"categories":[],"tags":[],"class_list":["post-51054","post","type-post","status-publish","format-standard","hentry"],"_links":{"self":[{"href":"https:\/\/webciudadana.net\/index.php?rest_route=\/wp\/v2\/posts\/51054","targetHints":{"allow":["GET"]}}],"collection":[{"href":"https:\/\/webciudadana.net\/index.php?rest_route=\/wp\/v2\/posts"}],"about":[{"href":"https:\/\/webciudadana.net\/index.php?rest_route=\/wp\/v2\/types\/post"}],"author":[{"embeddable":true,"href":"https:\/\/webciudadana.net\/index.php?rest_route=\/wp\/v2\/users\/1"}],"replies":[{"embeddable":true,"href":"https:\/\/webciudadana.net\/index.php?rest_route=%2Fwp%2Fv2%2Fcomments&post=51054"}],"version-history":[{"count":0,"href":"https:\/\/webciudadana.net\/index.php?rest_route=\/wp\/v2\/posts\/51054\/revisions"}],"wp:attachment":[{"href":"https:\/\/webciudadana.net\/index.php?rest_route=%2Fwp%2Fv2%2Fmedia&parent=51054"}],"wp:term":[{"taxonomy":"category","embeddable":true,"href":"https:\/\/webciudadana.net\/index.php?rest_route=%2Fwp%2Fv2%2Fcategories&post=51054"},{"taxonomy":"post_tag","embeddable":true,"href":"https:\/\/webciudadana.net\/index.php?rest_route=%2Fwp%2Fv2%2Ftags&post=51054"}],"curies":[{"name":"wp","href":"https:\/\/api.w.org\/{rel}","templated":true}]}}