{"id":51063,"date":"2024-03-12T11:50:30","date_gmt":"2024-03-12T10:50:30","guid":{"rendered":"https:\/\/ticker-noticiasep.microcontenidos.com\/NoticiaRSS.vbhtml?user=XRNR562DLR&amp;cod=20240312115030"},"modified":"2024-03-12T11:50:30","modified_gmt":"2024-03-12T10:50:30","slug":"zubi-labs-ficha-a-pablo-lara-como-managing-partner-para-impulsar-el-emprendimiento-de-impacto-en-europa","status":"publish","type":"post","link":"https:\/\/webciudadana.net\/?p=51063","title":{"rendered":"Zubi Labs ficha a Pablo Lara como Managing Partner para impulsar el emprendimiento de impacto en Europa"},"content":{"rendered":"\n<div><img decoding=\"async\" src=\"\/wp-content\/uploads\/sites\/2\/2024\/03\/zubi-labs-ficha-a-pablo-lara-como-managing-partner-para-impulsar-el-emprendimiento-de-impacto-en-europa.jpg\" class=\"ff-og-image-inserted\"><\/div>\n<p>(Informaci\u00f3n remitida por la empresa firmante)<\/p>\n<p>\nLara deja su puesto ejecutivo en Grupo Planeta para unirse como socio al Venture Builder perteneciente a Zubi Group, el grupo de empresas de impacto fundado por Iker Marcaide. Esta incorporaci\u00f3n responde a la estrategia de crecimiento e internacionalizaci\u00f3n de Zubi Labs en el campo de emprendimiento de impacto con foco en \u00e1reas como cambio clim\u00e1tico, econom\u00eda circular, educaci\u00f3n, deep tech o diversidad e inclusi\u00f3n social<\/p>\n<p>\nValencia, 12 de marzo de 2024.- Zubi Labs, el Venture Builder de Impacto, perteneciente a Zubi Group, fundado por el emprendedor e inversor de impacto, Iker Marcaide, ha anunciado el nombramiento de Pablo Lara como nuevo Managing Partner.<\/p>\n<p> Pablo Lara, miembro de la tercera generaci\u00f3n de la familia Lara, cuenta con una destacada trayectoria en Grupo Planeta, donde ha ocupado roles clave como miembro del Consejo y Director General del \u00c1rea de Educaci\u00f3n. Desde hoy se une a Zubi Labs desde el grupo editorial para dedicarse por completo a este nuevo desaf\u00edo. Su experiencia en liderazgo, gesti\u00f3n empresarial e ideaci\u00f3n y crecimiento de nuevos proyectos ser\u00e1 clave para llevar a Zubi Labs al siguiente nivel de crecimiento y posicionamiento.<\/p>\n<p> Este paso estrat\u00e9gico destaca el compromiso de Zubi Labs con el emprendimiento enfocado en abordar desaf\u00edos sociales y medioambientales, generando un triple impacto positivo. Esta evoluci\u00f3n es particularmente significativa en un momento clave para el venture builder, que se enfrenta al proceso de ampliar su presencia y actividades en sectores esenciales como cambio clim\u00e1tico, econom\u00eda circular, educaci\u00f3n, deeptech o diversidad e inclusi\u00f3n social.<\/p>\n<p> Seg\u00fan palabras de Iker Marcaide \u00abla incorporaci\u00f3n de Pablo al equipo marca un hito en nuestro camino hacia la creaci\u00f3n de empresas de impacto. Su visi\u00f3n y experiencia ser\u00e1n claves para nuestra siguiente fase de expansi\u00f3n\u00bb.<\/p>\n<p> Por su parte, Pablo Lara ha se\u00f1alado: \u00abestoy muy ilusionado con este nuevo proyecto al que me uno con el compromiso de impulsar proyectos que no solo busquen el \u00e9xito empresarial, sino que tambi\u00e9n generen un impacto positivo palpable en el mundo. Estoy convencido de que me enfrento a una oportunidad \u00fanica para contribuir a la innovaci\u00f3n y al cambio en sectores cr\u00edticos para el futuro sostenible de la sociedad\u00bb.<\/p>\n<p> De esta forma, Lara se suma al equipo directivo de Zubi Labs, compuesto por personas como, Fernando Marzal y Pol Hortal, como managing directors; Luz Duyos, como directora de estrategia; y Carlos Mart\u00edn, CEO de Zubi Group, adem\u00e1s de Iker Marcaide, fundador y presidente del Grupo. Juntos, se enfocar\u00e1n en el desarrollo de nuevos proyectos y el escalado de iniciativas como Woodea, liderada por Octavi Uy\u00e1; CoCircular, por Paula S\u00e1nchez; Nido, por Germ\u00e1n Peralta; y Matteco, por el propio Iker Marcaide, que representan la vanguardia del emprendimiento de impacto. Dentro de Zubi Labs, tambi\u00e9n se encuentran iniciativas como N\u00e4sta, K\u00e4mpe, Ikosia, o Alteina.<\/p>\n<p> Sobre Zubi Labs<\/p>\n<p>\nZubi Labs es un Venture Builder de Impacto que crea y desarrolla empresas en sectores clave como cambio clim\u00e1tico, econom\u00eda circular, educaci\u00f3n, deep tech o diversidad e inclusi\u00f3n social. Su enfoque \u00fanico implica no solo proporcionar apoyo financiero, sino tambi\u00e9n colaborar estrechamente con emprendedores desde las etapas iniciales de desarrollo hasta el escalado de negocios exitosos que aborden desaf\u00edos sociales y ambientales.<\/p>\n<p> El Venture Builder pertenece a Zubi Group, un grupo de empresas de impacto compuesto por un equipo diverso y comprometido con una misi\u00f3n clara: resolver retos para un futuro mejor para todos desde la perspectiva del triple impacto, econ\u00f3mico, ambiental y social.<\/p>\n<p> El grupo utiliza su inversi\u00f3n como capital catal\u00edtico en proyectos que a\u00fanan retornos de mercado, igualdad social y sostenibilidad medioambiental. De esta manera, consigue reinvertir esos retornos para generar m\u00e1s impacto positivo y movilizar capital de terceros, para generar impacto positivo y lo hace a trav\u00e9s de cuatro \u00e1reas de acci\u00f3n:<\/p>\n<p>\nEmprendimiento: Desde Zubi Labs, donde crea startups de impacto para lograr un futuro mejor.<\/p>\n<p> Ciudades: Desde Zubi Cities contribuye a resolver el reto de las ciudades a trav\u00e9s tanto de los proyectos inmobiliarios sostenibles y un espacio de innovaci\u00f3n abierta para la sostenibilidad de las ciudades.<\/p>\n<p> Educaci\u00f3n, nutriendo, talentos en los colegios Imagine Montessori School, que impulsar\u00e1n un futuro mejor<\/p>\n<p>\nInversi\u00f3n. En Zubi Capital, apoyando a empresas de impacto de terceros a trav\u00e9s de distintas estrategias y fondos de inversi\u00f3n, as\u00ed como ayudando a otras personas f\u00edsicas y jur\u00eddicas a alinear sus patrimonios con sus intereses en t\u00e9rminos de impacto social y\/o medioambiental.<\/p>\n<p> Foto adjunta: De izquiera a derecha: Pol Hortal, Managing Director de Zubi Labs, Iker Marcaide; fundador y presidente ejecutivo de Zubi Group, Pablo Lara; Managing Partner de Zubi Labs, Luz Duyos; directora de estrategia de Zubi Group, Fernando Marzal; Managing Director de Zubi Labs<\/p>\n<p>\nContacto<\/p>\n<p>\nNombre contacto: Luz Mart\u00ednez<\/p>\n<p>\nDescripci\u00f3n contacto: Zubi Labs<\/p>\n<p>\nTel\u00e9fono de contacto: 627752877<\/p>\n","protected":false},"excerpt":{"rendered":"<p>(Informaci\u00f3n remitida por la empresa firmante) Lara deja su puesto ejecutivo en Grupo Planeta para unirse como socio al Venture Builder perteneciente a Zubi Group, el grupo de empresas de impacto fundado por Iker Marcaide. Esta incorporaci\u00f3n responde a la estrategia de crecimiento e internacionalizaci\u00f3n de Zubi Labs en el campo de emprendimiento de impacto [&hellip;]<\/p>\n","protected":false},"author":1,"featured_media":0,"comment_status":"closed","ping_status":"closed","sticky":false,"template":"","format":"standard","meta":{"footnotes":""},"categories":[],"tags":[],"class_list":["post-51063","post","type-post","status-publish","format-standard","hentry"],"_links":{"self":[{"href":"https:\/\/webciudadana.net\/index.php?rest_route=\/wp\/v2\/posts\/51063","targetHints":{"allow":["GET"]}}],"collection":[{"href":"https:\/\/webciudadana.net\/index.php?rest_route=\/wp\/v2\/posts"}],"about":[{"href":"https:\/\/webciudadana.net\/index.php?rest_route=\/wp\/v2\/types\/post"}],"author":[{"embeddable":true,"href":"https:\/\/webciudadana.net\/index.php?rest_route=\/wp\/v2\/users\/1"}],"replies":[{"embeddable":true,"href":"https:\/\/webciudadana.net\/index.php?rest_route=%2Fwp%2Fv2%2Fcomments&post=51063"}],"version-history":[{"count":0,"href":"https:\/\/webciudadana.net\/index.php?rest_route=\/wp\/v2\/posts\/51063\/revisions"}],"wp:attachment":[{"href":"https:\/\/webciudadana.net\/index.php?rest_route=%2Fwp%2Fv2%2Fmedia&parent=51063"}],"wp:term":[{"taxonomy":"category","embeddable":true,"href":"https:\/\/webciudadana.net\/index.php?rest_route=%2Fwp%2Fv2%2Fcategories&post=51063"},{"taxonomy":"post_tag","embeddable":true,"href":"https:\/\/webciudadana.net\/index.php?rest_route=%2Fwp%2Fv2%2Ftags&post=51063"}],"curies":[{"name":"wp","href":"https:\/\/api.w.org\/{rel}","templated":true}]}}