{"id":51064,"date":"2024-03-12T12:12:21","date_gmt":"2024-03-12T11:12:21","guid":{"rendered":"https:\/\/ticker-noticiasep.microcontenidos.com\/NoticiaRSS.vbhtml?user=XRNR562DLR&amp;cod=20240312121221"},"modified":"2024-03-12T12:12:21","modified_gmt":"2024-03-12T11:12:21","slug":"mundo-julius-meinl-lanza-la-campana-lo-hago-al-estilo-meinl-para-celebrar-los-pequenos-momentos-de-la-vida","status":"publish","type":"post","link":"https:\/\/webciudadana.net\/?p=51064","title":{"rendered":"Mundo: Julius Meinl lanza la campa\u00f1a &#8216;Lo hago al estilo Meinl&#8217; para celebrar los peque\u00f1os momentos de la vida"},"content":{"rendered":"\n<p>(Informaci\u00f3n remitida por la empresa firmante)<\/p>\n<p>\nVIENA, 12 de marzo de 2024 \/PRNewswire\/ &#8212; La marca de caf\u00e9 premium vienesa Julius Meinl ha lanzado una campa\u00f1a animando a la gente a encontrar la alegr\u00eda en los placeres sencillos de la vida.<\/p>\n<p> La campa\u00f1a, &#8216;Lo hago al estilo Meinl&#8217;, celebra los peque\u00f1os momentos que conforman la vida de las personas a trav\u00e9s del sabor y calidad superiores del caf\u00e9 Julius Meinl, record\u00e1ndonos que no debemos quedarnos atrapados en las constantes distracciones de la vida, desde correos electr\u00f3nicos o mensajes de texto hasta alertas de noticias y citas. Esta campa\u00f1a se inspira en la cultura del caf\u00e9 de Viena, que anima a los amantes del caf\u00e9 a disfrutar de peque\u00f1os y significativos momentos.<\/p>\n<p> Fundado en 1862, Julius Meinl es uno de los tostadores de caf\u00e9 m\u00e1s antiguos del mundo y es el proveedor preferido por las principales cafeter\u00edas de Viena. La dedicaci\u00f3n a la mejora de la calidad ha sido una constante en la familia durante cinco generaciones, lo que ha dado como resultado la obtenci\u00f3n de los aromas y sabores inigualables por los que la marca es reconocida internacionalmente. Descrito como \u00abun escape indulgente de lo mundano\u00bb, cada sorbo de caf\u00e9 Julius Meinl es un testimonio de m\u00e1s de 160 a\u00f1os de artesan\u00eda, permitiendo un momento de maravillosa soledad o alegr\u00eda compartida con los seres queridos dondequiera que est\u00e9. Esto refuerza el concepto \u00fanico de la campa\u00f1a de que \u00abla vida es un mosaico de peque\u00f1os momentos especiales y disfrutarlos es lo m\u00e1s importante\u00bb.<\/p>\n<p> Al adoptar el estilo &#8216;Meinl&#8217;, donde se atesora el tiempo y se saborean los placeres m\u00e1s sencillos, la campa\u00f1a recrea la encantadora experiencia de una cafeter\u00eda vienesa. El concepto captura la dedicaci\u00f3n de los hoteles, cafeter\u00edas y restaurantes asociados de Julius Meinl para crear \u00abmomentos de caf\u00e9 deliciosos y memorables\u00bb, al tiempo que invita a los aficionados cotidianos al caf\u00e9 a estar m\u00e1s presentes.<\/p>\n<p> Manteniendo la querida herencia de la marca, la creatividad de la campa\u00f1a se ha generado en colaboraci\u00f3n con la agencia de publicidad Obscura. As\u00ed, reimagina el antiguo concepto de Julius Meinl, \u00abm\u00e1s que un momento\u00bb, ofreciendo una interpretaci\u00f3n moderna.<\/p>\n<p> Combinando tradici\u00f3n con innovaci\u00f3n, Julius Meinl es el embajador mundial de la cultura del caf\u00e9 de Viena y representa un servicio impecable, expresi\u00f3n creativa y apreciaci\u00f3n de calidad superior. Esto se refleja en los recursos de la campa\u00f1a que muestran algunos de los lugares m\u00e1s emblem\u00e1ticos de la ciudad, incluido el Caf\u00e9 Sperl, los apartamentos Altbau y el hermoso horizonte con vistas a Stephansdom (Catedral de San Esteban). La campa\u00f1a captura seis historias, celebrando la uni\u00f3n y conectando al p\u00fablico m\u00e1s joven con la cultura del caf\u00e9.<\/p>\n<p> Christina Meinl, miembro de la familia de quinta generaci\u00f3n, coment\u00f3: \u00abEstamos muy orgullosos de ofrecer &#8216;momentos de caf\u00e9 deliciosos y memorables&#8217; en beneficio de nuestros socios de HoReCa, sus invitados y aquellos que aprecian la calidad superior del caf\u00e9 en casa.\u00bb<\/p>\n<p> \u00abNuestra nueva campa\u00f1a redefine la perspectiva de la gente sobre el consumo de caf\u00e9, demostrando que no es s\u00f3lo algo que hacemos para relajarnos o reflexionar, sino tambi\u00e9n una vibrante celebraci\u00f3n de la vida misma. Disfrutar de una buena taza de caf\u00e9 implica involucrar todos los sentidos para animar a las personas a disfrutar del momento. Ya sea para ponernos al d\u00eda con amigos o simplemente tener un rato &#8216;para m\u00ed&#8217;, queremos inspirar a las personas a abrazar los peque\u00f1os momentos que tienen verdadero significado y conforman el mosaico de nuestras vidas\u00bb.<\/p>\n<p> NOTAS A LOS REDACTORES<\/p>\n<p>\nAcerca de Julius Meinl: Fundada en 1862, Julius Meinl es uno de los tostadores de caf\u00e9 m\u00e1s antiguos del mundo y una marca ic\u00f3nica de cafeter\u00edas vienesas. La dedicaci\u00f3n a la calidad ha sido una constante en la familia durante cinco generaciones. Con 160 a\u00f1os de experiencia en el abastecimiento, la mezcla y el tostado, Meinl es el proveedor de caf\u00e9 preferido de las principales cafeter\u00edas de Viena. Hoy en d\u00eda, los caf\u00e9s y t\u00e9s de Meinl ayudan a crear momentos significativos para los clientes y consumidores de todo el mundo y se venden en m\u00e1s de 50.000 hoteles, cafeter\u00edas y restaurantes en 70 pa\u00edses, adem\u00e1s de un n\u00famero creciente de puntos de venta.<\/p>\n<p>\nVideo &#8212; https:\/\/mma.prnewswire.com\/media\/2359237\/Julius_Meinl.mp4<\/p>\n<p>\nFoto &#8212; https:\/\/mma.prnewswire.com\/media\/2352443\/I_do_it_Meinl_Way.jpg<\/p>\n<p>\nLogo &#8212; https:\/\/mma.prnewswire.com\/media\/2347693\/Julius_Meinl_Logo.jpg<\/p>\n<p> View original content:https:\/\/www.prnewswire.com\/news-releases\/julius-meinl-lanza-la-campana-lo-hago-al-estilo-meinl-para-celebrar-los-pequenos-momentos-de-la-vida-302086632.html<\/p>\n","protected":false},"excerpt":{"rendered":"<p>(Informaci\u00f3n remitida por la empresa firmante) VIENA, 12 de marzo de 2024 \/PRNewswire\/ &#8212; La marca de caf\u00e9 premium vienesa Julius Meinl ha lanzado una campa\u00f1a animando a la gente a encontrar la alegr\u00eda en los placeres sencillos de la vida. La campa\u00f1a, &#8216;Lo hago al estilo Meinl&#8217;, celebra los peque\u00f1os momentos que conforman la [&hellip;]<\/p>\n","protected":false},"author":1,"featured_media":0,"comment_status":"closed","ping_status":"closed","sticky":false,"template":"","format":"standard","meta":{"footnotes":""},"categories":[],"tags":[],"class_list":["post-51064","post","type-post","status-publish","format-standard","hentry"],"_links":{"self":[{"href":"https:\/\/webciudadana.net\/index.php?rest_route=\/wp\/v2\/posts\/51064","targetHints":{"allow":["GET"]}}],"collection":[{"href":"https:\/\/webciudadana.net\/index.php?rest_route=\/wp\/v2\/posts"}],"about":[{"href":"https:\/\/webciudadana.net\/index.php?rest_route=\/wp\/v2\/types\/post"}],"author":[{"embeddable":true,"href":"https:\/\/webciudadana.net\/index.php?rest_route=\/wp\/v2\/users\/1"}],"replies":[{"embeddable":true,"href":"https:\/\/webciudadana.net\/index.php?rest_route=%2Fwp%2Fv2%2Fcomments&post=51064"}],"version-history":[{"count":0,"href":"https:\/\/webciudadana.net\/index.php?rest_route=\/wp\/v2\/posts\/51064\/revisions"}],"wp:attachment":[{"href":"https:\/\/webciudadana.net\/index.php?rest_route=%2Fwp%2Fv2%2Fmedia&parent=51064"}],"wp:term":[{"taxonomy":"category","embeddable":true,"href":"https:\/\/webciudadana.net\/index.php?rest_route=%2Fwp%2Fv2%2Fcategories&post=51064"},{"taxonomy":"post_tag","embeddable":true,"href":"https:\/\/webciudadana.net\/index.php?rest_route=%2Fwp%2Fv2%2Ftags&post=51064"}],"curies":[{"name":"wp","href":"https:\/\/api.w.org\/{rel}","templated":true}]}}