{"id":51081,"date":"2024-03-12T15:25:49","date_gmt":"2024-03-12T14:25:49","guid":{"rendered":"https:\/\/ticker-noticiasep.microcontenidos.com\/NoticiaRSS.vbhtml?user=XRNR562DLR&amp;cod=20240312152549"},"modified":"2024-03-12T15:25:49","modified_gmt":"2024-03-12T14:25:49","slug":"fundacion-principe-alberto-ii-de-monaco-dona-100-000-euros-a-proyectos-de-cohabitacion-entre-vida-silvestre-y-humana","status":"publish","type":"post","link":"https:\/\/webciudadana.net\/?p=51081","title":{"rendered":"Fundaci\u00f3n Pr\u00edncipe Alberto II de M\u00f3naco dona 100.000 euros a proyectos de cohabitaci\u00f3n entre vida silvestre y humana"},"content":{"rendered":"\n<div><img decoding=\"async\" src=\"\/wp-content\/uploads\/sites\/2\/2024\/03\/fundacion-principe-alberto-ii-de-monaco-dona-100-000-euros-a-proyectos-de-cohabitacion-entre-vida-silvestre-y-humana.jpg\" class=\"ff-og-image-inserted\"><\/div>\n<p> MADRID, 12 (EUROPA PRESS)<\/p>\n<p> La Fundaci\u00f3n Pr\u00edncipe Alberto II de M\u00f3naco, con la colaboraci\u00f3n del Observatorio Grupo Campo Grande, ha asignado 100.000 euros a nueve proyectos de cohabitaci\u00f3n &#8211;entre la vida silvestre y las actividades humanas&#8211; en Espa\u00f1a, seleccionados entre m\u00e1s de 30 candidaturas.<\/p>\n<p> La &#8216;Iniciativa Humanidad y Vida Silvestre&#8217; comenz\u00f3 en el a\u00f1o 2020 en la regi\u00f3n de Sud-Provence-Alpes-C\u00f4te d&#8217;Azur de Francia con el objetivo, seg\u00fan ha indicado la entidad, de desarrollar propuestas innovadoras para mejorar la cohabitaci\u00f3n con la fauna salvaje.<\/p>\n<p> Un reciente informe del WWF revela que un aumento de 2\u00b0C en las temperaturas en pa\u00edses del Mediterr\u00e1neo como Espa\u00f1a pone en riesgo al 30% de las especies de plantas y animales. Dada la situaci\u00f3n, la fundaci\u00f3n ha extendido su iniciativa al pa\u00eds hispano, donde, seg\u00fan ha explicado, especies de fauna silvestre como el lobo, el oso, los ciervos o los jabal\u00edes se ven afectadas por la actividad humana.<\/p>\n<p> En concreto, destinar\u00e1 los fondos a nueve proyectos de distintas regiones de Espa\u00f1a. El primero de ellos se centra en el conflicto social relacionado con la cohabitaci\u00f3n del lobo y la ganader\u00eda extensiva en \u00c1lava. Se trata de una iniciativa promovida por Altekio S. Coop, Ortzadar y la Diputaci\u00f3n Foral de \u00c1lava, que gira en torno a acciones de pre-mediaci\u00f3n, diagn\u00f3stico y fortalecimiento de capacidades.<\/p>\n<p> Por su parte, la Asociaci\u00f3n \u00c1brego: Medioambiente y Desarrollo Rural en la Comarca de las Merindades (Burgos) promueve una iniciativa centrada en \u00abcomprender para coexistir facilitando la convivencia entre la fauna silvestre y la sociedad\u00bb. En esa l\u00ednea, la Asociaci\u00f3n Aula ZIES va a fomentar interacciones entre depredadores y ganaderos en la Sierra de Guadarrama en \u00c1vila, Segovia y Comunidad de Madrid.<\/p>\n<p> Otra de las nueve iniciativas, &#8216;Coexistiendo que es gerundio&#8217;, ha sido creada por Mar\u00eda del Rosario Garc\u00eda Barrig\u00f3n en el Parque Natural de Sanabria (Zamora). A su vez, el &#8216;Proyecto piloto DIAPALOGA&#8217; (Di\u00e1logo y Participaci\u00f3n para la coexistencia entre Lobo y Ganader\u00eda extensiva), promovido por la Asociaci\u00f3n de Ambient\u00f3logos de La Rioja (ADALAR), tambi\u00e9n ha sido seleccionado para la producci\u00f3n de Producci\u00f3n audiovisual y m\u00e1rketing especializado en tem\u00e1ticas ambientales.<\/p>\n<p> Por otro lado, la fundaci\u00f3n tambi\u00e9n financiar\u00e1 el proyecto &#8216;Alerta: osos en el colmenar&#8217;, una iniciativa &#8211;promovida por el fondo para la protecci\u00f3n de los animales salvajes (FAPAS) en Riello, Le\u00f3n&#8211; enfocada en proteger a las abejas y a los osos en zonas oseras. Asimismo, la &#8216;Red de dehesas custodiadas para la convivencia con la fauna silvestre&#8217; creada por Fundaci\u00f3n por la Sostenibilidad Participativa (FUNPASOS; Innogestiona Ambiental en la Comarca de Valencia de Alc\u00e1ntara, C\u00e1ceres) tambi\u00e9n recibir\u00e1 ayuda econ\u00f3mica.<\/p>\n<p> As\u00ed, las dos \u00faltimas iniciativas seleccionadas son un proyecto de mejora de la convivencia entre lobo y ganaderos en el geoparque de las Loras, promovido por DRIU &#8211;Asociaci\u00f3n para el estudio, conservaci\u00f3n y restauraci\u00f3n ambiental (DASECORA)&#8211; en el Geoparque Las Loras (Burgos y Palencia) y el &#8216;Proyecto La Caperuza&#8217;, una idea de Laura Mart\u00ednez N\u00fa\u00f1ez para unir la ganader\u00eda extensiva con la elaboraci\u00f3n artesanal de l\u00e1cteos mediante el uso de tecnolog\u00eda GPS en Bustarviejo, Madrid.<\/p>\n","protected":false},"excerpt":{"rendered":"<p>MADRID, 12 (EUROPA PRESS) La Fundaci\u00f3n Pr\u00edncipe Alberto II de M\u00f3naco, con la colaboraci\u00f3n del Observatorio Grupo Campo Grande, ha asignado 100.000 euros a nueve proyectos de cohabitaci\u00f3n &#8211;entre la vida silvestre y las actividades humanas&#8211; en Espa\u00f1a, seleccionados entre m\u00e1s de 30 candidaturas. La &#8216;Iniciativa Humanidad y Vida Silvestre&#8217; comenz\u00f3 en el a\u00f1o 2020 [&hellip;]<\/p>\n","protected":false},"author":1,"featured_media":0,"comment_status":"closed","ping_status":"closed","sticky":false,"template":"","format":"standard","meta":{"footnotes":""},"categories":[],"tags":[],"class_list":["post-51081","post","type-post","status-publish","format-standard","hentry"],"_links":{"self":[{"href":"https:\/\/webciudadana.net\/index.php?rest_route=\/wp\/v2\/posts\/51081","targetHints":{"allow":["GET"]}}],"collection":[{"href":"https:\/\/webciudadana.net\/index.php?rest_route=\/wp\/v2\/posts"}],"about":[{"href":"https:\/\/webciudadana.net\/index.php?rest_route=\/wp\/v2\/types\/post"}],"author":[{"embeddable":true,"href":"https:\/\/webciudadana.net\/index.php?rest_route=\/wp\/v2\/users\/1"}],"replies":[{"embeddable":true,"href":"https:\/\/webciudadana.net\/index.php?rest_route=%2Fwp%2Fv2%2Fcomments&post=51081"}],"version-history":[{"count":0,"href":"https:\/\/webciudadana.net\/index.php?rest_route=\/wp\/v2\/posts\/51081\/revisions"}],"wp:attachment":[{"href":"https:\/\/webciudadana.net\/index.php?rest_route=%2Fwp%2Fv2%2Fmedia&parent=51081"}],"wp:term":[{"taxonomy":"category","embeddable":true,"href":"https:\/\/webciudadana.net\/index.php?rest_route=%2Fwp%2Fv2%2Fcategories&post=51081"},{"taxonomy":"post_tag","embeddable":true,"href":"https:\/\/webciudadana.net\/index.php?rest_route=%2Fwp%2Fv2%2Ftags&post=51081"}],"curies":[{"name":"wp","href":"https:\/\/api.w.org\/{rel}","templated":true}]}}